{"id":55473,"date":"2026-01-02T06:46:11","date_gmt":"2026-01-02T06:46:11","guid":{"rendered":"https:\/\/247stiri.ro\/index.php\/2026\/01\/02\/bilant-in-roz-intr-o-realitate-gri-nicusor-dan-se-lauda-cu-stabilitatea-tarii-in-timp-ce-romanii-sunt-striviti-de-taxe-si-inflatie-video\/"},"modified":"2026-01-02T06:46:11","modified_gmt":"2026-01-02T06:46:11","slug":"bilant-in-roz-intr-o-realitate-gri-nicusor-dan-se-lauda-cu-stabilitatea-tarii-in-timp-ce-romanii-sunt-striviti-de-taxe-si-inflatie-video","status":"publish","type":"post","link":"https:\/\/247stiri.ro\/index.php\/2026\/01\/02\/bilant-in-roz-intr-o-realitate-gri-nicusor-dan-se-lauda-cu-stabilitatea-tarii-in-timp-ce-romanii-sunt-striviti-de-taxe-si-inflatie-video\/","title":{"rendered":"Bilan\u021b \u00een roz \u00eentr-o realitate gri. Nicu\u0219or Dan se laud\u0103 cu stabilitatea \u021b\u0103rii, \u00een timp ce rom\u00e2nii sunt strivi\u021bi de taxe \u0219i infla\u021bie | VIDEO"},"content":{"rendered":"<p>Anul 2025 s-a \u00eencheiat sub semnul unei activit\u0103\u021bi politice \u0219i diplomatice intense, fiind descris de liderul de la Palatul Cotroceni, Nicu\u0219or Dan, ca o perioad\u0103 a provoc\u0103rilor \u0219i a determin\u0103rii de a men\u021bine direc\u021bia strategic\u0103 a \u021b\u0103rii \u00een ciuda unui context social dificil.<\/p>\n<p>Pe parcursul ultimelor 12 luni, agenda preziden\u021bial\u0103 a fost marcat\u0103 de o campanie electoral\u0103 complex\u0103, dublat\u0103 de vizite interna\u021bionale menite s\u0103 consolideze pozi\u021bia Rom\u00e2niei pe harta diplomatic\u0103, \u00eens\u0103 punctul central al discursului de bilan\u021b l-a reprezentat dialogul direct cu cet\u0103\u021benii.<\/p>\n<p>\u00cen pie\u021be \u0219i pe str\u0103zi, pre\u0219edintele a c\u0103utat s\u0103 ia pulsul unei societ\u0103\u021bi care se confrunt\u0103 cu presiuni economice constante, subliniind c\u0103 for\u021ba na\u021biunii rezid\u0103 \u00een unitate \u0219i \u00een capacitatea de a parcurge \u00eempreun\u0103 etapele dificile ale construc\u021biei pe baze solide.<\/p>\n<p>\u00cen mesajul s\u0103u de trecere c\u0103tre anul 2026, \u0219eful statului a pus accent pe responsabilitatea care \u00eei revine \u00een noul mandat, proiect\u00e2nd o viziune axat\u0103 pe stabilitate \u0219i prosperitate, elemente esen\u021biale pentru calmarea tensiunilor sociale acumulate.<\/p>\n<p>Acesta a adresat rom\u00e2nilor dorin\u021ba ca noul an s\u0103 fie unul al solidarit\u0103\u021bii \u0219i al p\u0103cii, reafirm\u00e2ndu-\u0219i angajamentul de a ac\u021biona cu bun\u0103-credin\u021b\u0103 \u00een procesul de luare a deciziilor.<\/p>\n<p>\u00cen pofida m\u0103surilor fiscale recente \u0219i a infla\u021biei care marcheaz\u0103 \u00eenceputul de an, discursul oficial \u00eendeamn\u0103 la men\u021binerea \u00eencrederii \u00een parteneriatul dintre autorit\u0103\u021bi \u0219i cet\u0103\u021beni, punct\u00e2nd ideea c\u0103 progresul Rom\u00e2niei depinde de efortul comun de a merge mai departe pe drumul asumat.<\/p>","protected":false},"excerpt":{"rendered":"<p>Anul 2025 s-a \u00eencheiat sub semnul unei activit\u0103\u021bi politice \u0219i diplomatice intense, fiind descris de&hellip;<\/p>\n","protected":false},"author":0,"featured_media":55453,"comment_status":"open","ping_status":"open","sticky":false,"template":"","format":"standard","meta":{"footnotes":""},"categories":[2],"tags":[],"class_list":["post-55473","post","type-post","status-publish","format-standard","has-post-thumbnail","hentry","category-actual"],"_links":{"self":[{"href":"https:\/\/247stiri.ro\/index.php\/wp-json\/wp\/v2\/posts\/55473","targetHints":{"allow":["GET"]}}],"collection":[{"href":"https:\/\/247stiri.ro\/index.php\/wp-json\/wp\/v2\/posts"}],"about":[{"href":"https:\/\/247stiri.ro\/index.php\/wp-json\/wp\/v2\/types\/post"}],"replies":[{"embeddable":true,"href":"https:\/\/247stiri.ro\/index.php\/wp-json\/wp\/v2\/comments?post=55473"}],"version-history":[{"count":0,"href":"https:\/\/247stiri.ro\/index.php\/wp-json\/wp\/v2\/posts\/55473\/revisions"}],"wp:featuredmedia":[{"embeddable":true,"href":"https:\/\/247stiri.ro\/index.php\/wp-json\/wp\/v2\/media\/55453"}],"wp:attachment":[{"href":"https:\/\/247stiri.ro\/index.php\/wp-json\/wp\/v2\/media?parent=55473"}],"wp:term":[{"taxonomy":"category","embeddable":true,"href":"https:\/\/247stiri.ro\/index.php\/wp-json\/wp\/v2\/categories?post=55473"},{"taxonomy":"post_tag","embeddable":true,"href":"https:\/\/247stiri.ro\/index.php\/wp-json\/wp\/v2\/tags?post=55473"}],"curies":[{"name":"wp","href":"https:\/\/api.w.org\/{rel}","templated":true}]}}