{"id":55474,"date":"2026-01-02T07:46:06","date_gmt":"2026-01-02T07:46:06","guid":{"rendered":"https:\/\/247stiri.ro\/index.php\/2026\/01\/02\/noi-date-despre-tragedia-din-elvetia-printre-victime-s-ar-putea-afla-si-un-roman-martor-la-eveniment-bilantul-real-ar-putea-fi-mult-mai-mare\/"},"modified":"2026-01-02T07:46:06","modified_gmt":"2026-01-02T07:46:06","slug":"noi-date-despre-tragedia-din-elvetia-printre-victime-s-ar-putea-afla-si-un-roman-martor-la-eveniment-bilantul-real-ar-putea-fi-mult-mai-mare","status":"publish","type":"post","link":"https:\/\/247stiri.ro\/index.php\/2026\/01\/02\/noi-date-despre-tragedia-din-elvetia-printre-victime-s-ar-putea-afla-si-un-roman-martor-la-eveniment-bilantul-real-ar-putea-fi-mult-mai-mare\/","title":{"rendered":"Noi date despre tragedia din Elve\u021bia: printre victime s-ar putea afla \u0219i un rom\u00e2n! Martor la eveniment: \u201eBilan\u021bul real ar putea fi mult mai mare\u201d"},"content":{"rendered":"<p>Rom\u00e2nul care a salvat mai multe persoane din fl\u0103c\u0103ri compar\u0103 explozia din Elve\u021bia cu tragedia de la Colectiv. Acesta a povestit clipele de groaz\u0103 tr\u0103ite \u00een local \u0219i sus\u021bine c\u0103 focul ar fi izbucnit din cauza unei lum\u00e2n\u0103ri aprinse \u021binute prea aproape de tavan.<\/p>\n<p>&#8222;Veneam acasa cu copilul meu si cu sotia mea si am auzit bubuitura. Aa vazut cum ieseau oaenii arsi din local&#8230; erau foarte, foarte multi. A fost o flama enorma. Exact ca la Colectiv, lumea s-a calcat in picioare sa poata sa iasa din restaurant&#8221;, a declarat GEORGE GURALIUC, rom\u00e2n stabilit \u00een Elve\u021bia.<\/p>\n<p>De altfel, b\u0103rbatul sus\u021bine c\u0103 for\u021bele de interven\u021bie au ajuns rapid la fa\u021ba locului, \u00eens\u0103 amploarea dezastrului a \u00eengreunat opera\u021biunile de salvare.<\/p>\n<p>Rom\u00e2nul spune c\u0103 pu\u021bini dintre cei afla\u021bi \u00een zon\u0103 au avut curajul s\u0103 intre \u00een cl\u0103direa cuprins\u0103 de fl\u0103c\u0103ri. Explozia a fost extrem de scurt\u0103, dar devastatoare, mai spune b\u0103rbatul. \u00cen timp ce autorit\u0103\u021bile vorbesc despre zeci de mor\u021bi, rom\u00e2nul sus\u021bine c\u0103 num\u0103rul victimelor ar fi mult mai mare.<\/p>\n<p>&#8222;M\u0103rturiile \u0219i primele date ale investiga\u021biei arat\u0103 c\u0103 incendiul a izbucnit din interiorul localului. Deci explozia ce a avut loc a fost consecin\u021ba incendiului. Nu e vorba despre un atac sau despre demontarea vreunui dispozitiv, cum ar fi o ma\u0219in\u0103, care s\u0103 provoace explozia&#8221;, a declarat unl dintre pompierii prezenti la fata locului.<\/p>\n<p>\ud83c\udde8\ud83c\udded\ud83d\udd25\ud83c\udf89 EN IMAGES &#8211; Une vid\u00e9o montre le tout d\u00e9but de l\u2019incendie au bar \u00ab Le Constellation \u00bb \u00e0 Crans-Montana (VS), au moment o\u00f9 le plafond s\u2019enflamme. 20 Minuten) <a href=\"https:\/\/t.co\/ZfcoZt73WL\">pic.twitter.com\/ZfcoZt73WL<\/a><\/p>\n<p>\u2014 SuisseAlert (@SuisseAlert) <a href=\"https:\/\/twitter.com\/SuisseAlert\/status\/2006698065361776922?ref_src=twsrc%5Etfw\">January 1, 2026<\/a><\/p>\n<p>\u00cen urma tragediei, pre\u0219edintele Guy Parmelin a declarat c\u0103 Elve\u021bia traverseaz\u0103 \u201ecea mai mare tragedie\u201d \u0219i a transmis condolean\u021be familiilor \u00eendurerate. Totodat\u0103, \u0219eful statului a precizat c\u0103 autorit\u0103\u021bile elve\u021biene colaboreaz\u0103 cu guvernele str\u0103ine pentru informarea familiilor victimelor din afara \u021b\u0103rii.\u00a0<\/p>","protected":false},"excerpt":{"rendered":"<p>Rom\u00e2nul care a salvat mai multe persoane din fl\u0103c\u0103ri compar\u0103 explozia din Elve\u021bia cu tragedia&hellip;<\/p>\n","protected":false},"author":0,"featured_media":55475,"comment_status":"open","ping_status":"open","sticky":false,"template":"","format":"standard","meta":{"footnotes":""},"categories":[4],"tags":[],"class_list":["post-55474","post","type-post","status-publish","format-standard","has-post-thumbnail","hentry","category-extern"],"_links":{"self":[{"href":"https:\/\/247stiri.ro\/index.php\/wp-json\/wp\/v2\/posts\/55474","targetHints":{"allow":["GET"]}}],"collection":[{"href":"https:\/\/247stiri.ro\/index.php\/wp-json\/wp\/v2\/posts"}],"about":[{"href":"https:\/\/247stiri.ro\/index.php\/wp-json\/wp\/v2\/types\/post"}],"replies":[{"embeddable":true,"href":"https:\/\/247stiri.ro\/index.php\/wp-json\/wp\/v2\/comments?post=55474"}],"version-history":[{"count":0,"href":"https:\/\/247stiri.ro\/index.php\/wp-json\/wp\/v2\/posts\/55474\/revisions"}],"wp:featuredmedia":[{"embeddable":true,"href":"https:\/\/247stiri.ro\/index.php\/wp-json\/wp\/v2\/media\/55475"}],"wp:attachment":[{"href":"https:\/\/247stiri.ro\/index.php\/wp-json\/wp\/v2\/media?parent=55474"}],"wp:term":[{"taxonomy":"category","embeddable":true,"href":"https:\/\/247stiri.ro\/index.php\/wp-json\/wp\/v2\/categories?post=55474"},{"taxonomy":"post_tag","embeddable":true,"href":"https:\/\/247stiri.ro\/index.php\/wp-json\/wp\/v2\/tags?post=55474"}],"curies":[{"name":"wp","href":"https:\/\/api.w.org\/{rel}","templated":true}]}}