{"id":55476,"date":"2026-01-02T07:46:07","date_gmt":"2026-01-02T07:46:07","guid":{"rendered":"https:\/\/247stiri.ro\/index.php\/2026\/01\/02\/razboi-in-ucraina-ziua-1409-summit-european-in-franta-zelenski-discutii-cu-liderii-ue-pe-6-ianuarie-live-text\/"},"modified":"2026-01-02T07:46:07","modified_gmt":"2026-01-02T07:46:07","slug":"razboi-in-ucraina-ziua-1409-summit-european-in-franta-zelenski-discutii-cu-liderii-ue-pe-6-ianuarie-live-text","status":"publish","type":"post","link":"https:\/\/247stiri.ro\/index.php\/2026\/01\/02\/razboi-in-ucraina-ziua-1409-summit-european-in-franta-zelenski-discutii-cu-liderii-ue-pe-6-ianuarie-live-text\/","title":{"rendered":"R\u0103zboi \u00een Ucraina, ziua 1409. Summit european \u00een Fran\u021ba: Zelenski, discu\u021bii cu liderii UE pe 6 ianuarie &#8211; LIVE TEXT"},"content":{"rendered":"<p>\u201e\u00cencepem acest an \u2013 \u00eencep\u00e2nd cu diploma\u021bia \u2013 \u0219i continu\u0103m dialogul cu partenerii no\u0219tri\u201d, a declarat Zelenski.<\/p>\n<p>\u00cent\u00e2lnirea la nivel de lideri din Fran\u021ba va culmina cu o serie de discu\u021bii \u00eentre oficialii ucraineni, europeni \u0219i americani.<\/p>\n<p>Consilierii de securitate na\u021bional\u0103 din \u021b\u0103rile \u201eCoali\u021biei celor dispu\u0219i\u201d, condus\u0103 de Marea Britanie \u0219i Fran\u021ba, au convenit s\u0103 se \u00eent\u00e2lneasc\u0103 \u00een Ucraina pe 3 ianuarie, potrivit lui Zelenski, consilierii americani particip\u00e2nd virtual. Discu\u021biile vor fi urmate de o \u00eent\u00e2lnire a \u0219efilor de stat major din diferite \u021b\u0103ri pe 5 ianuarie.<\/p>\n<p>\u201eNe preg\u0103tim acum pentru a ne asigura c\u0103 \u00eent\u00e2lnirea va fi productiv\u0103, c\u0103 sprijinul va cre\u0219te \u0219i c\u0103 \u00eencrederea politic\u0103 va cre\u0219te at\u00e2t \u00een garan\u021biile de securitate, c\u00e2t \u0219i \u00een acordul de pace\u201d, a spus pre\u0219edintele Ucrainei.<\/p>\n<p>Pe m\u0103sur\u0103 ce Ucraina continu\u0103 s\u0103 fac\u0103 eforturi pentru pace, Rusia \u0219i-a intensificat atacurile \u00een mas\u0103 asupra infrastructurii energetice a Ucrainei.<\/p>","protected":false},"excerpt":{"rendered":"<p>\u201e\u00cencepem acest an \u2013 \u00eencep\u00e2nd cu diploma\u021bia \u2013 \u0219i continu\u0103m dialogul cu partenerii no\u0219tri\u201d, a&hellip;<\/p>\n","protected":false},"author":0,"featured_media":55477,"comment_status":"open","ping_status":"open","sticky":false,"template":"","format":"standard","meta":{"footnotes":""},"categories":[4],"tags":[],"class_list":["post-55476","post","type-post","status-publish","format-standard","has-post-thumbnail","hentry","category-extern"],"_links":{"self":[{"href":"https:\/\/247stiri.ro\/index.php\/wp-json\/wp\/v2\/posts\/55476","targetHints":{"allow":["GET"]}}],"collection":[{"href":"https:\/\/247stiri.ro\/index.php\/wp-json\/wp\/v2\/posts"}],"about":[{"href":"https:\/\/247stiri.ro\/index.php\/wp-json\/wp\/v2\/types\/post"}],"replies":[{"embeddable":true,"href":"https:\/\/247stiri.ro\/index.php\/wp-json\/wp\/v2\/comments?post=55476"}],"version-history":[{"count":0,"href":"https:\/\/247stiri.ro\/index.php\/wp-json\/wp\/v2\/posts\/55476\/revisions"}],"wp:featuredmedia":[{"embeddable":true,"href":"https:\/\/247stiri.ro\/index.php\/wp-json\/wp\/v2\/media\/55477"}],"wp:attachment":[{"href":"https:\/\/247stiri.ro\/index.php\/wp-json\/wp\/v2\/media?parent=55476"}],"wp:term":[{"taxonomy":"category","embeddable":true,"href":"https:\/\/247stiri.ro\/index.php\/wp-json\/wp\/v2\/categories?post=55476"},{"taxonomy":"post_tag","embeddable":true,"href":"https:\/\/247stiri.ro\/index.php\/wp-json\/wp\/v2\/tags?post=55476"}],"curies":[{"name":"wp","href":"https:\/\/api.w.org\/{rel}","templated":true}]}}