{"id":55504,"date":"2026-01-02T09:45:26","date_gmt":"2026-01-02T09:45:26","guid":{"rendered":"https:\/\/247stiri.ro\/index.php\/2026\/01\/02\/alerta-meteo-ninsoare-puternica-viscol-si-vant-pana-sambata-seara-a-fost-emis-cod-galben-si-portocaliu-harta-cu-zonele-vizate\/"},"modified":"2026-01-02T09:45:26","modified_gmt":"2026-01-02T09:45:26","slug":"alerta-meteo-ninsoare-puternica-viscol-si-vant-pana-sambata-seara-a-fost-emis-cod-galben-si-portocaliu-harta-cu-zonele-vizate","status":"publish","type":"post","link":"https:\/\/247stiri.ro\/index.php\/2026\/01\/02\/alerta-meteo-ninsoare-puternica-viscol-si-vant-pana-sambata-seara-a-fost-emis-cod-galben-si-portocaliu-harta-cu-zonele-vizate\/","title":{"rendered":"Alert\u0103 meteo: ninsoare puternic\u0103, viscol \u0219i v\u00e2nt p\u00e2n\u0103 s\u00e2mb\u0103t\u0103 sear\u0103. A fost emis Cod galben \u0219i portocaliu &#8211; HARTA cu zonele vizate"},"content":{"rendered":"<p>Potrivit ANM, p\u00e2n\u0103 s\u00e2mb\u0103t\u0103, la ora 22:00, vor fi precipita\u0163ii \u00een cea mai mare parte a \u0163\u0103rii \u015fi local se vor acumula cantit\u0103\u0163i de ap\u0103 de 15&#8230;30 l\/mp.<\/p>\n<p>\u201dLa munte vor predomina ninsorile \u015fi se va depune strat de z\u0103pad\u0103 consistent (20&#8230;50 cm). \u00cen zonele deluroase, precum \u015fi \u00een Transilvania \u015fi \u00een Maramure\u015f vor predomina lapovi\u0163a \u015fi ninsoarea, iar stratul de z\u0103pad\u0103 va fi de 5&#8230;15 cm\u201d, a transmis ANM.<\/p>\n<p>Vor fi precipita\u0163ii mixte \u00een Cri\u015fana, Banat, iar cu prec\u0103dere s\u00e2mb\u0103t\u0103 (3 ianuarie) \u015fi \u00een Oltenia, Muntenia, Dobrogea \u015fi sudul Moldovei. Pe alocuri se va forma polei.<\/p>\n<p>De asemenea, meteorologii anun\u0163\u0103 c\u0103 v\u00e2ntul va avea intensific\u0103ri la munte, cu viteze la rafal\u0103, \u00een special la altitudini mari, de peste 70\u202680 km\/h, local \u015fi temporar viscolind ninsoarea.<\/p>\n<p>\u201dIntensific\u0103ri ale v\u00e2ntului vor fi \u015fi \u00een zonele joase de relief din Moldova, Dobrogea, iar pe parcursul zilei de vineri (2 ianuarie) \u015fi \u00een Banat, Cri\u015fana, nord-estul Munteniei \u015fi pe arii restr\u00e2nse \u00een Transilvania, cu viteze \u00een general de 40&#8230;50 km\/h\u201d, mai anun\u0163\u0103 meteorologii.<\/p>\n<p>\u00cen nord-vest \u015fi centru, trec\u0103tor \u015fi pe arii restr\u00e2nse ninsoarea va fi viscolit\u0103.<\/p>\n<p>P\u00e2n\u0103 vineri (9 ianuarie) temporar vor fi precipita\u0163ii \u00een toate regiunile, iar local cantit\u0103\u0163ile de ap\u0103 vor fi \u00eensemnate.<\/p>\n<p>ANM a emis \u015fi o avertizare cod galben, pentru intervalul 02 ianuarie, ora 10:30 \u2013 03 ianuarie, ora 10:00.<\/p>\n<p>\u201d\u00cen intervalul men\u0163ionat, la munte vor fi precipita\u0163ii \u00eensemnate cantitativ \u015fi se vor acumula 20&#8230;30 l\/mp. Vor predomina ninsorile \u015fi se va depune strat de z\u0103pad\u0103 de 10&#8230;20 cm\u201d, a transmis AN;.<\/p>\n<p>\u00cen Carpa\u0163ii de Curbur\u0103 v\u00e2ntul va avea intensific\u0103ri cu viteze de 70&#8230;90 km\/h.<\/p>\n<p>O alt\u0103 avertizare cod galben a fost emis\u0103 pentru intervalul 02 ianuarie, ora 10:30 \u2013 03 ianuarie, ora 10:00.<\/p>\n<p>\u201dV\u00e2ntul va avea intensific\u0103ri \u00een Banat, Cri\u015fana, sudul Moldovei \u015fi pe litoral, cu viteze de 50&#8230;70 km\/h\u201d, precizeaz\u0103 meteorologii.<\/p>\n<p>Ace\u015ftia anun\u0163\u0103 \u015fi cod portocaliu, pentru intervalul 02 ianuarie, ora 10:30 \u2013 03 ianuarie, ora 10:00, \u00een Carpa\u0163ii Occidentali, \u00een Carpa\u0163ii Meridionali \u015fi \u00een nordul \u015fi centrul Carpa\u0163ilor Orientali.<\/p>\n<p>\u201dV\u00e2ntul va avea intensific\u0103ri puternice cu viteze de 70&#8230;85 km\/h, iar la altitudini de peste 1700 m, de 90&#8230;120 km\/h. Va fi viscol puternic \u015fi vizibilitate redus\u0103 sub 50 m. La altitudini de peste 1500 m \u00een Carpa\u0163ii Occidentali se va depune strat de z\u0103pad\u0103, \u00een general de 30&#8230;50 cm (echivalent \u00een ap\u0103 de 20&#8230;50 l\/mp)\u201d, precizeaz\u0103 ANM.<\/p>\n<p>O alt\u0103 avertizare cod galben vizeaz\u0103 ziua de s\u00e2mb\u0103t\u0103, c\u00e2nd, \u00een intervalul 10:00 \u2013 22:00, se va \u00eenregistra viscol \u00een Carpa\u0163ii Orientali \u015fi intensific\u0103ri ale v\u00e2ntului pe litoral.<\/p>\n<p>\u201dLocal \u00een Carpa\u0163ii Orientali, v\u00e2ntul va avea intensific\u0103ri, cu viteze de 50&#8230;70 km\/h, iar la altitudini de peste 1700 m, de 70&#8230;85 km\/h, iar temporar ninsoarea va fi viscolit\u0103 \u015fi vizibilitatea sc\u0103zut\u0103. Perioade cu intensific\u0103ri ale v\u00e2ntului vor fi \u015fi pe litoral, cu viteze de 50&#8230;60 km\/h\u201d, a transmis ANM.<\/p>\n\n<p>\u00a0<\/p>","protected":false},"excerpt":{"rendered":"<p>Potrivit ANM, p\u00e2n\u0103 s\u00e2mb\u0103t\u0103, la ora 22:00, vor fi precipita\u0163ii \u00een cea mai mare parte&hellip;<\/p>\n","protected":false},"author":0,"featured_media":55505,"comment_status":"open","ping_status":"open","sticky":false,"template":"","format":"standard","meta":{"footnotes":""},"categories":[2],"tags":[],"class_list":["post-55504","post","type-post","status-publish","format-standard","has-post-thumbnail","hentry","category-actual"],"_links":{"self":[{"href":"https:\/\/247stiri.ro\/index.php\/wp-json\/wp\/v2\/posts\/55504","targetHints":{"allow":["GET"]}}],"collection":[{"href":"https:\/\/247stiri.ro\/index.php\/wp-json\/wp\/v2\/posts"}],"about":[{"href":"https:\/\/247stiri.ro\/index.php\/wp-json\/wp\/v2\/types\/post"}],"replies":[{"embeddable":true,"href":"https:\/\/247stiri.ro\/index.php\/wp-json\/wp\/v2\/comments?post=55504"}],"version-history":[{"count":0,"href":"https:\/\/247stiri.ro\/index.php\/wp-json\/wp\/v2\/posts\/55504\/revisions"}],"wp:featuredmedia":[{"embeddable":true,"href":"https:\/\/247stiri.ro\/index.php\/wp-json\/wp\/v2\/media\/55505"}],"wp:attachment":[{"href":"https:\/\/247stiri.ro\/index.php\/wp-json\/wp\/v2\/media?parent=55504"}],"wp:term":[{"taxonomy":"category","embeddable":true,"href":"https:\/\/247stiri.ro\/index.php\/wp-json\/wp\/v2\/categories?post=55504"},{"taxonomy":"post_tag","embeddable":true,"href":"https:\/\/247stiri.ro\/index.php\/wp-json\/wp\/v2\/tags?post=55504"}],"curies":[{"name":"wp","href":"https:\/\/api.w.org\/{rel}","templated":true}]}}