{"id":55522,"date":"2026-01-02T10:45:12","date_gmt":"2026-01-02T10:45:12","guid":{"rendered":"https:\/\/247stiri.ro\/index.php\/2026\/01\/02\/fermierii-ameninta-cu-noi-proteste-sectorul-agricol-risca-sa-se-duca-in-cap\/"},"modified":"2026-01-02T10:45:12","modified_gmt":"2026-01-02T10:45:12","slug":"fermierii-ameninta-cu-noi-proteste-sectorul-agricol-risca-sa-se-duca-in-cap","status":"publish","type":"post","link":"https:\/\/247stiri.ro\/index.php\/2026\/01\/02\/fermierii-ameninta-cu-noi-proteste-sectorul-agricol-risca-sa-se-duca-in-cap\/","title":{"rendered":"Fermierii amenin\u021b\u0103 cu noi PROTESTE: &#8222;Sectorul agricol risc\u0103 s\u0103 se duc\u0103 \u00een cap\u201d"},"content":{"rendered":"<p>Sunt mai multe nemul\u021bumiri \u00een r\u00e2ndul fermierilor din \u021bara noastr\u0103, motiv pentru care amenin\u021b\u0103 cu proteste \u0219i \u00een urm\u0103toarea perioad\u0103. \u00ce\u0219i doresc ace\u0219tia eliminarea taxelor \u0219i impozitelor, de asemenea eliminarea taxei pe st\u00e2lp, dar \u0219i \u00eenfiin\u021barea unei b\u0103nci cu finan\u021bare rom\u00e2neasc\u0103.<\/p>\n<p>Fermierii spun c\u0103 \u00een acest moment \u00een \u021bara noastr\u0103 sunt mai multe firme care sunt \u00een prag de faliment. De asemenea,\u00a0 oamenii vorbesc despre faptul c\u0103 nu \u0219i-au primit subven\u021biile, asta de\u0219i exist\u0103 la prim\u0103rii procese de calamitate care au fost deja \u00eenregistrate.<\/p>\n<p>Sunt tot mai multe motive, printre acestea vorbim \u0219i despre faptul c\u0103 nu exist\u0103 \u00een acest moment un pre\u021b minim garantat pe tona de cereale sau c\u0103 cerealele au fost v\u00e2ndute la un pre\u021b de acum 10, chiar 15 ani.<\/p>\n<p>Fermierii sunt, a\u0219adar, nemul\u021bumi\u021bi de m\u0103surile pe care Guvernul Bolojan le-a luat \u00een acest moment, m\u0103suri care spun c\u0103 \u00eei duc la faliment.<\/p>","protected":false},"excerpt":{"rendered":"<p>Sunt mai multe nemul\u021bumiri \u00een r\u00e2ndul fermierilor din \u021bara noastr\u0103, motiv pentru care amenin\u021b\u0103 cu&hellip;<\/p>\n","protected":false},"author":0,"featured_media":55523,"comment_status":"open","ping_status":"open","sticky":false,"template":"","format":"standard","meta":{"footnotes":""},"categories":[2],"tags":[],"class_list":["post-55522","post","type-post","status-publish","format-standard","has-post-thumbnail","hentry","category-actual"],"_links":{"self":[{"href":"https:\/\/247stiri.ro\/index.php\/wp-json\/wp\/v2\/posts\/55522","targetHints":{"allow":["GET"]}}],"collection":[{"href":"https:\/\/247stiri.ro\/index.php\/wp-json\/wp\/v2\/posts"}],"about":[{"href":"https:\/\/247stiri.ro\/index.php\/wp-json\/wp\/v2\/types\/post"}],"replies":[{"embeddable":true,"href":"https:\/\/247stiri.ro\/index.php\/wp-json\/wp\/v2\/comments?post=55522"}],"version-history":[{"count":0,"href":"https:\/\/247stiri.ro\/index.php\/wp-json\/wp\/v2\/posts\/55522\/revisions"}],"wp:featuredmedia":[{"embeddable":true,"href":"https:\/\/247stiri.ro\/index.php\/wp-json\/wp\/v2\/media\/55523"}],"wp:attachment":[{"href":"https:\/\/247stiri.ro\/index.php\/wp-json\/wp\/v2\/media?parent=55522"}],"wp:term":[{"taxonomy":"category","embeddable":true,"href":"https:\/\/247stiri.ro\/index.php\/wp-json\/wp\/v2\/categories?post=55522"},{"taxonomy":"post_tag","embeddable":true,"href":"https:\/\/247stiri.ro\/index.php\/wp-json\/wp\/v2\/tags?post=55522"}],"curies":[{"name":"wp","href":"https:\/\/api.w.org\/{rel}","templated":true}]}}