{"id":55528,"date":"2026-01-02T11:45:40","date_gmt":"2026-01-02T11:45:40","guid":{"rendered":"https:\/\/247stiri.ro\/index.php\/2026\/01\/02\/incident-socant-a-discursul-de-anul-nou-al-imparatului-japoniei-un-tanar-s-a-dezbracat-complet-in-fata-familiei-imperiale\/"},"modified":"2026-01-02T11:45:40","modified_gmt":"2026-01-02T11:45:40","slug":"incident-socant-a-discursul-de-anul-nou-al-imparatului-japoniei-un-tanar-s-a-dezbracat-complet-in-fata-familiei-imperiale","status":"publish","type":"post","link":"https:\/\/247stiri.ro\/index.php\/2026\/01\/02\/incident-socant-a-discursul-de-anul-nou-al-imparatului-japoniei-un-tanar-s-a-dezbracat-complet-in-fata-familiei-imperiale\/","title":{"rendered":"Incident \u0219ocant a discursul de Anul Nou al \u00eemp\u0103ratului Japoniei: un t\u00e2n\u0103r s-a dezbr\u0103cat complet \u00een fa\u021ba familiei imperiale"},"content":{"rendered":"<p>Un b\u0103rbat \u00een v\u00e2rst\u0103 de aproximativ 20 de ani s-a dezbr\u0103cat complet vineri \u00een fa\u0163a \u00eemp\u0103ratului Japoniei \u015fi a familiei sale, care salutau publicul cu ocazia Anului Nou, a anun\u0163at presa japonez\u0103.<\/p>\n<p>B\u0103rbatul, care se afla \u00een primul r\u00e2nd \u00een timpul discursului anual al \u00eemp\u0103ratului Naruhito de la balconul palatului imperial, s-a dezbr\u0103cat brusc \u015fi a \u00eenceput s\u0103 \u0163ipe, au relatat postul privat TBS \u015fi alte mass-media.<\/p>\n<p>Dup\u0103 ce a trecut gol peste bariera din fa\u0163a lui, a fost imediat imobilizat de agen\u0163ii G\u0103rzii Imperiale \u015fi ai poli\u0163iei din Tokyo, care l-au \u00eenvelit \u00eentr-o p\u0103tur\u0103.<\/p>\n<p>Contactat\u0103 de AFP, Garda Imperial\u0103 nu a putut confirma imediat aceste informa\u0163ii.<\/p>\n<p>Incidentul s-a produs imediat dup\u0103 apari\u0163ia la balcon a membrilor familiei imperiale, printre care \u00eemp\u0103ratul Naruhito \u015fi \u00eemp\u0103r\u0103teasa Masako. Naruhito \u0163ine de obicei un discurs \u00een fiecare 1 ianuarie \u00een fa\u0163a a mii de oameni care flutur\u0103 steaguri japoneze.<\/p>\n<p>Potrivit surselor apropiate anchetei citate de TBS, t\u00e2n\u0103rul ar fi anun\u0163at pe re\u0163elele de socializare c\u0103 va ap\u0103rea nud \u00een timpul salutului imperial de Anul Nou.<\/p>","protected":false},"excerpt":{"rendered":"<p>Un b\u0103rbat \u00een v\u00e2rst\u0103 de aproximativ 20 de ani s-a dezbr\u0103cat complet vineri \u00een fa\u0163a&hellip;<\/p>\n","protected":false},"author":0,"featured_media":55525,"comment_status":"open","ping_status":"open","sticky":false,"template":"","format":"standard","meta":{"footnotes":""},"categories":[4],"tags":[],"class_list":["post-55528","post","type-post","status-publish","format-standard","has-post-thumbnail","hentry","category-extern"],"_links":{"self":[{"href":"https:\/\/247stiri.ro\/index.php\/wp-json\/wp\/v2\/posts\/55528","targetHints":{"allow":["GET"]}}],"collection":[{"href":"https:\/\/247stiri.ro\/index.php\/wp-json\/wp\/v2\/posts"}],"about":[{"href":"https:\/\/247stiri.ro\/index.php\/wp-json\/wp\/v2\/types\/post"}],"replies":[{"embeddable":true,"href":"https:\/\/247stiri.ro\/index.php\/wp-json\/wp\/v2\/comments?post=55528"}],"version-history":[{"count":0,"href":"https:\/\/247stiri.ro\/index.php\/wp-json\/wp\/v2\/posts\/55528\/revisions"}],"wp:featuredmedia":[{"embeddable":true,"href":"https:\/\/247stiri.ro\/index.php\/wp-json\/wp\/v2\/media\/55525"}],"wp:attachment":[{"href":"https:\/\/247stiri.ro\/index.php\/wp-json\/wp\/v2\/media?parent=55528"}],"wp:term":[{"taxonomy":"category","embeddable":true,"href":"https:\/\/247stiri.ro\/index.php\/wp-json\/wp\/v2\/categories?post=55528"},{"taxonomy":"post_tag","embeddable":true,"href":"https:\/\/247stiri.ro\/index.php\/wp-json\/wp\/v2\/tags?post=55528"}],"curies":[{"name":"wp","href":"https:\/\/api.w.org\/{rel}","templated":true}]}}