{"id":55529,"date":"2026-01-02T11:45:41","date_gmt":"2026-01-02T11:45:41","guid":{"rendered":"https:\/\/247stiri.ro\/index.php\/2026\/01\/02\/aeronava-militara-pregatita-sa-transporte-sase-tineri-cu-arsuri-grave-dupa-incendiul-din-crans-montana-anuntul-ministrului-apararii\/"},"modified":"2026-01-02T11:45:41","modified_gmt":"2026-01-02T11:45:41","slug":"aeronava-militara-pregatita-sa-transporte-sase-tineri-cu-arsuri-grave-dupa-incendiul-din-crans-montana-anuntul-ministrului-apararii","status":"publish","type":"post","link":"https:\/\/247stiri.ro\/index.php\/2026\/01\/02\/aeronava-militara-pregatita-sa-transporte-sase-tineri-cu-arsuri-grave-dupa-incendiul-din-crans-montana-anuntul-ministrului-apararii\/","title":{"rendered":"Aeronav\u0103 militar\u0103 preg\u0103tit\u0103 s\u0103 transporte \u0219ase tineri cu arsuri grave dup\u0103 incendiul din Crans-Montana. Anun\u021bul ministrului Ap\u0103r\u0103rii"},"content":{"rendered":"<p>\u201dZilele acestea a fost din nou solicitat sprijinul Armatei pentru misiuni umanitare. \u015ei da, Armata ajut\u0103 f\u0103r\u0103 a sta pe g\u00e2nduri, f\u0103r\u0103 a \u00eentreba cine pl\u0103te\u015fte cheltuielile, sau dac\u0103 au fost ori nu prev\u0103zu\u0163i bani \u00een buget. Voi regla aceste aspecte \u00een bugetul anului 2026. Pentru c\u0103 dincolo de grade \u015fi func\u0163ii, Armata \u00eenseamn\u0103 oameni. Pentru c\u0103 via\u0163a nu alege \u00eentre bogat \u015fi s\u0103rac, \u00eentre ministru \u015fi portar, \u00eentre \u201epilos\u201d \u015fi omul nim\u0103nui. \u015ei da, eu cred c\u0103 asta trebuie s\u0103 facem atunci c\u00e2nd putem. De aceea nu am stat nicio secund\u0103 pe g\u00e2nduri c\u00e2nd am aprobat aceste zboruri\u201d, a scris, vineri, pe Facebook, ministrul Ap\u0103r\u0103rii, Readu Miru\u0163\u0103.<\/p>\n<p>Acesta s-a referit la <a href=\"https:\/\/www.realitatea.net\/stiri\/actual\/misiune-umanitara-a-fortelor-aeriene-romane-pacient-transportat-de-la-otopeni-la-bruxelles_6957a39f29fe9a0bca1f0222\" target=\"_blank\">zborul umanitar<\/a> realizat vineri de o aeronav\u0103 C-27J Spartan a For\u0163elor Aeriene Rom\u00e2ne ruta Otopeni \u2013 Craiova \u2013 Bruxelles (Belgia), dar \u015fi la cea de-a doua misiune umanitar\u0103, realizat\u0103 la solicitarea Elve\u0163iei.<\/p>\n<p>\u201dTot ast\u0103zi, in urma deciziei CNSU, este preg\u0103tit\u0103 o alt\u0103 aeronav\u0103 care va decola spre Lausanne, de unde va transporta c\u0103tre spitale din Paris \u015fase tineri cu arsuri grave, r\u0103ni\u0163i \u00een incendiul de ieri noapte din Elve\u0163ia, ca parte a sprijinului interna\u0163ional pe care Rom\u00e2nia \u00eel acord\u0103 Elve\u0163iei \u00een aceast\u0103 situa\u0163ie\u201d, a precizat ministrul.<\/p>\n<p>Potrivit acestuia, \u201dc\u00e2nd cineva are nevoie, nu \u00eentrebi \u00abde ce\u00bb sau \u00abc\u00e2t cost\u0103\u00bb\u201d.<\/p>\n<p>\u201dAc\u0163ionezi. Iar Armata Rom\u00e2niei face exact asta. Pentru c\u0103 \u00een astfel de momente nu mai exist\u0103 grani\u0163e, bugete sau func\u0163ii. Exist\u0103 doar oameni care \u00eei ajut\u0103 pe al\u0163i oameni\u201d, a mai transmis Miru\u0163\u0103.<\/p>\n<p>Elve\u0163ia a activat Mecanismul de protec\u0163ie civil\u0103 al UE, a anun\u0163at, joi sear\u0103, pre\u015fedinta Comisiei Europene, Ursula von der Leyen, \u00een timp ce Fran\u0163a prime\u015fte deja r\u0103ni\u0163i \u00een spitalele sale, dup\u0103 catastrofa din sta\u0163iunea montan\u0103 Crans-Montana.<\/p>\n<p>Incendiul izbucnit \u00eentr-un bar aglomerat s-a soldat \u00een noaptea de Anul Nou cu cel pu\u0163in 40 de mor\u0163i \u015fi 115 r\u0103ni\u0163i, mul\u0163i dintre ei suferind arsuri grave.<\/p>","protected":false},"excerpt":{"rendered":"<p>\u201dZilele acestea a fost din nou solicitat sprijinul Armatei pentru misiuni umanitare. \u015ei da, Armata&hellip;<\/p>\n","protected":false},"author":0,"featured_media":55530,"comment_status":"open","ping_status":"open","sticky":false,"template":"","format":"standard","meta":{"footnotes":""},"categories":[3],"tags":[],"class_list":["post-55529","post","type-post","status-publish","format-standard","has-post-thumbnail","hentry","category-politica"],"_links":{"self":[{"href":"https:\/\/247stiri.ro\/index.php\/wp-json\/wp\/v2\/posts\/55529","targetHints":{"allow":["GET"]}}],"collection":[{"href":"https:\/\/247stiri.ro\/index.php\/wp-json\/wp\/v2\/posts"}],"about":[{"href":"https:\/\/247stiri.ro\/index.php\/wp-json\/wp\/v2\/types\/post"}],"replies":[{"embeddable":true,"href":"https:\/\/247stiri.ro\/index.php\/wp-json\/wp\/v2\/comments?post=55529"}],"version-history":[{"count":0,"href":"https:\/\/247stiri.ro\/index.php\/wp-json\/wp\/v2\/posts\/55529\/revisions"}],"wp:featuredmedia":[{"embeddable":true,"href":"https:\/\/247stiri.ro\/index.php\/wp-json\/wp\/v2\/media\/55530"}],"wp:attachment":[{"href":"https:\/\/247stiri.ro\/index.php\/wp-json\/wp\/v2\/media?parent=55529"}],"wp:term":[{"taxonomy":"category","embeddable":true,"href":"https:\/\/247stiri.ro\/index.php\/wp-json\/wp\/v2\/categories?post=55529"},{"taxonomy":"post_tag","embeddable":true,"href":"https:\/\/247stiri.ro\/index.php\/wp-json\/wp\/v2\/tags?post=55529"}],"curies":[{"name":"wp","href":"https:\/\/api.w.org\/{rel}","templated":true}]}}