{"id":55567,"date":"2026-01-02T14:45:07","date_gmt":"2026-01-02T14:45:07","guid":{"rendered":"https:\/\/247stiri.ro\/index.php\/2026\/01\/02\/mare-atentie-soferi-drumul-care-duce-catre-varful-lui-roman-in-zona-montana-a-localitatii-horezu-inchis-din-cauza-viscolului\/"},"modified":"2026-01-02T14:45:07","modified_gmt":"2026-01-02T14:45:07","slug":"mare-atentie-soferi-drumul-care-duce-catre-varful-lui-roman-in-zona-montana-a-localitatii-horezu-inchis-din-cauza-viscolului","status":"publish","type":"post","link":"https:\/\/247stiri.ro\/index.php\/2026\/01\/02\/mare-atentie-soferi-drumul-care-duce-catre-varful-lui-roman-in-zona-montana-a-localitatii-horezu-inchis-din-cauza-viscolului\/","title":{"rendered":"Mare aten\u021bie, \u0219oferi. Drumul care duce c\u0103tre V\u00e2rful lui Roman, \u00een zona montan\u0103 a localit\u0103\u0163ii Horezu, \u00eenchis din cauza viscolului"},"content":{"rendered":"<p>\u201dAv\u00e2nd \u00een vedere evolu\u021bia nefavorabil\u0103 a condi\u021biilor meteorologice, \u00eencep\u00e2nd cu ora 14:00, circula\u021bia rutier\u0103 pe drumul de acces c\u0103tre V\u00e2rful lui Roman a fost \u00eenchis\u0103\u201d, a transmis vineri IPJ V\u00e2lcea.<\/p>\n<p>\u00cen prima parte a zilei de vineri, circula\u021bia a fost doar restric\u021bionat\u0103 \u00een zon\u0103, fiind permis\u0103 numai autovehiculelor 4&#215;4, dotate cu anvelope de iarn\u0103 \u0219i lan\u021buri.<\/p>\n<p>\u201d\u00cen contextul condi\u021biilor meteorologice nefavorabile manifestate \u00een zona montan\u0103 a localit\u0103\u021bii Horezu, unde precipita\u021biile sub form\u0103 de ninsoare, \u00eenso\u021bite de intensific\u0103ri ale v\u00e2ntului, Inspectoratul de Poli\u021bie Jude\u021bean V\u00e2lcea informeaz\u0103 participan\u021bii la trafic c\u0103, pe drumul de acces c\u0103tre sta\u021biunea V\u00e2rful lui Roman, strada Lung\u0103, circula\u021bia rutier\u0103 este permis\u0103 exclusiv autovehiculelor echipate corespunz\u0103tor. Astfel, accesul este permis doar autovehiculelor dotate cu trac\u021biune integral\u0103 (4&#215;4), echipate cu anvelope de iarn\u0103 \u0219i sisteme antiderapante specifice (lan\u021buri, plase), \u00een conformitate cu legisla\u021bia rutier\u0103 \u00een vigoare\u201d, se arat\u0103 \u00eentr-o informare transmis\u0103 anterior de reprezentan\u021bii IPJ V\u00e2lcea.<\/p>\n<p>Potrivit reprezentan\u021bilor institu\u021biei, poli\u021bi\u0219tii rutieri se afl\u0103 \u00een teren \u0219i desf\u0103\u0219oar\u0103 activit\u0103\u021bi de supraveghere \u0219i control al traficului.<\/p>\n<p>De asemenea, IPJ V\u00e2lcea recomand\u0103 conduc\u0103torilor auto s\u0103 manifeste pruden\u021b\u0103 sporit\u0103, s\u0103 adapteze viteza la condi\u021biile de drum \u0219i s\u0103 respecte indica\u021biile poli\u021bi\u0219tilor afla\u021bi \u00een teren.\u00a0<\/p>\n<p>\u00a0<\/p>\n<p>\u00a0<\/p>","protected":false},"excerpt":{"rendered":"<p>\u201dAv\u00e2nd \u00een vedere evolu\u021bia nefavorabil\u0103 a condi\u021biilor meteorologice, \u00eencep\u00e2nd cu ora 14:00, circula\u021bia rutier\u0103 pe&hellip;<\/p>\n","protected":false},"author":0,"featured_media":55568,"comment_status":"open","ping_status":"open","sticky":false,"template":"","format":"standard","meta":{"footnotes":""},"categories":[2],"tags":[],"class_list":["post-55567","post","type-post","status-publish","format-standard","has-post-thumbnail","hentry","category-actual"],"_links":{"self":[{"href":"https:\/\/247stiri.ro\/index.php\/wp-json\/wp\/v2\/posts\/55567","targetHints":{"allow":["GET"]}}],"collection":[{"href":"https:\/\/247stiri.ro\/index.php\/wp-json\/wp\/v2\/posts"}],"about":[{"href":"https:\/\/247stiri.ro\/index.php\/wp-json\/wp\/v2\/types\/post"}],"replies":[{"embeddable":true,"href":"https:\/\/247stiri.ro\/index.php\/wp-json\/wp\/v2\/comments?post=55567"}],"version-history":[{"count":0,"href":"https:\/\/247stiri.ro\/index.php\/wp-json\/wp\/v2\/posts\/55567\/revisions"}],"wp:featuredmedia":[{"embeddable":true,"href":"https:\/\/247stiri.ro\/index.php\/wp-json\/wp\/v2\/media\/55568"}],"wp:attachment":[{"href":"https:\/\/247stiri.ro\/index.php\/wp-json\/wp\/v2\/media?parent=55567"}],"wp:term":[{"taxonomy":"category","embeddable":true,"href":"https:\/\/247stiri.ro\/index.php\/wp-json\/wp\/v2\/categories?post=55567"},{"taxonomy":"post_tag","embeddable":true,"href":"https:\/\/247stiri.ro\/index.php\/wp-json\/wp\/v2\/tags?post=55567"}],"curies":[{"name":"wp","href":"https:\/\/api.w.org\/{rel}","templated":true}]}}