{"id":5557,"date":"2024-11-07T21:51:05","date_gmt":"2024-11-07T21:51:05","guid":{"rendered":"https:\/\/247stiri.ro\/index.php\/2024\/11\/07\/inregistrarea-care-zguduie-gasca-generalilor-corupti-kovesi-mentionata-in-interceptari-coldea-era-seful-cel-mare-dumbrava-facea-cartie\/"},"modified":"2024-11-07T21:51:05","modified_gmt":"2024-11-07T21:51:05","slug":"inregistrarea-care-zguduie-gasca-generalilor-corupti-kovesi-mentionata-in-interceptari-coldea-era-seful-cel-mare-dumbrava-facea-cartie","status":"publish","type":"post","link":"https:\/\/247stiri.ro\/index.php\/2024\/11\/07\/inregistrarea-care-zguduie-gasca-generalilor-corupti-kovesi-mentionata-in-interceptari-coldea-era-seful-cel-mare-dumbrava-facea-cartie\/","title":{"rendered":"\u00cenregistrarea care zguduie ga\u0219ca generalilor corup\u021bi. Kovesi, men\u021bionat\u0103 \u00een intercept\u0103ri. Coldea era &#8222;\u0219eful cel mare&#8221;. Dumbrav\u0103 &#8222;f\u0103cea c\u0103r\u021bie&#8221;"},"content":{"rendered":"<p>Tocaci Dan Victor &#8211; T.D.V: Nu. Haide\u021bi s\u0103 o lu\u0103m a\u0219a. Deci\u2026 una peste alta\u2026 judec\u0103torul a fost absolut fair. Dac\u0103 era \u0219i prejudiciul acoperit, mergea spre minimum, care \u00eensemna 2 ani \u0219i 3 luni.Hideg Robertino C\u0103t\u0103lin &#8211; H.R.C.: Din p\u0103cate arabii \u0103ia nu au fost serio\u0219i, s-au speriat, au cerut ni\u0219te referin\u021be la un avocat\u2026Dumitru Dumbrav\u0103 &#8211; D.D: \u0102\u2026 da, \u00een fine. Deci eu v\u0103 spun c\u0103 e\u2026T.D.V.: \u2026[neinteligibil]\u2026D.D: Situa\u021bia se poate schimba la Curtea de Apel\u2026H.R.C.: \u0218i \u0103ia au f\u0103cut o\u2026<\/p>\n<p><a href=\"https:\/\/www.realitatea.net\/stiri\/actual\/denuntatorul-lui-coldea-noi-dezaluiri-bomba-fostul-consilier-prezidential-moldoeanu-ar-fi-fost-cerut-ca-martor-chiar-de-generalul-negru_672d256c74dfb95c621d0ad2\" target=\"_blank\" rel=\"noopener\">Denun\u021b\u0103torul lui Coldea, noi dez\u0103luiri bomb\u0103. Fostul consilier preziden\u021bial Moldoveanu ar fi fost cerut ca martor chiar de generalul negru<\/a><\/p>\n<p>D.D: Dar eu sunt \u00eentr-o situa\u021bie nasoal\u0103 fa\u021b\u0103 de avocat, vizavi de pl\u0103\u021bile care trebuiau f\u0103cute \u0219i nu s-au f\u0103cut. E prima dat\u0103 c\u00e2nd mi se \u00eent\u00e2mpl\u0103 a\u0219a ceva.H.R.C.: \u0218tiu.D.D: Eu am \u00eencercat s\u0103-i spun: \u201eB\u0103, omu\u2019 e a\u0219a, nu \u0219tiu cum.\u201d. O s\u0103 facem tot posibilul \u0103\u2026 \u0219i-o s\u0103 g\u00e2ndim\u2026 de fapt am g\u0103sit deja. Asear\u0103 am avut o analiz\u0103 fix pe spe\u021ba dumneavoastr\u0103.H.R.C.: Da.D.D: \u0218i-am pus pe h\u00e2rtie. Avem o raz\u0103, o speran\u021b\u0103 c\u0103 s\u0103 v\u0103\u2026 se va\u2026 ve\u021bi putea pleca s\u0103 v\u0103 rezolva\u021bi problemele\u2026 unde\u2026H.R.C.: \u2026[neinteligibil-vorbesc \u00een acela\u0219i timp]\u2026 \u0102sta e\u2026 \u0103sta da, e at\u00e2t\u2026 Din p\u0103cate, din cauza asta\u2026 Eu i-am zis \u0219i lu\u2019 DAN: \u201eB\u0103 DANE, m-am f\u0103cut de tot r\u00e2sul. Dac\u0103 omul era pe\u2026\u201d.D.D: Dincolo de bani, acoperirea prejudiciului e foarte important\u0103, pentru c\u0103 noi putem s\u0103 d\u0103m \u00een jos\u2026 de unde e \u0103sta s\u0103 mai d\u0103m \u00een jos. Dar trebuie neap\u0103rat pl\u0103tit, acoperit prejudiciul.H.R.C.: S\u0103 mai d\u0103m \u00een jos ce?D.D: P\u0103i, de la ce s-a dat acuma\u2026 pedeapsa.H.R.C.: P\u0103i \u2026[neinteligibil]\u2026 d\u0103m ceva?D.D.: Nu prejudiciu\u2019\u2026T.D.V.: Nu, m\u0103, anii, anii, de la ani!D.D.: Ani!H.R.C.: A!D.D: Adic\u0103 putem s\u0103 mergem jos cu voio\u0219ie \u2026[neinteligibil]\u2026 Dar trebuie s\u0103 se \u00eent\u00e2mple ceva din momentul \u0103sta\u2026 Ei, oricum, de la 10 ani a\u0219a c\u00e2t visa madame\u2026 s-a dus c\u0103tre\u2026 mai\u2026 adic\u0103 el putea s\u0103 dea 2 ani \u0219i 3 luni pe fiecare fapt\u0103. A dat 3 ani, adic\u0103 a ad\u0103ugat\u2026H.R.C.: Da. N-a dat \u2026[neinteligibil]\u2026 n-a dat \u2026[neinteligibil]\u2026D.D: Ca s\u0103 nu fie\u2026\u00een ton\u2026H.R.C.: Dar de ce\u2026D.D.:\u2026partea de jos, partea de jos.H.R.C.: Da. Nu. Cred c\u0103 a f\u0103cut\u2026 Mai mult de at\u00e2t nu \u0219tiu dac\u0103 putea, adic\u0103\u2026D.D: Dom\u2019le! Bine, \u0103sta\u2026 ca s\u0103 \u00een\u021belege\u021bi, deci \u0103sta i-a fost student lu\u2019\u2026 DORU. Deci a fost unul dintre studen\u021bii lui buni, care chiar \u0219tie carte, \u0219tie meserie. A f\u0103cut un compromis absolut rezonabil. Adic\u0103 repet e\u2026 dac\u0103 putea s\u0103 mearg\u0103 pe maxim, dac\u0103 voia s\u0103 mearg\u0103 pe maxim, putea s\u0103 dea f\u0103r\u0103 \u2026[neinteligibil]\u2026 c\u0103 nu d\u0103. 10 ani putea s\u0103 dea. 10 ani cu un spor \u0219i cu asta\u2026 ie\u0219eau 12 ani, 12 ani, da.H.R.C.: Am \u00eent\u00e2lnit o expresie acolo, la un moment dat a zis c\u0103\u2026D.D: Haide\u021bi c\u0103 a fost elegant.H.R.C.: A zis c\u0103 inteligen\u021ba sau cel pu\u021bin \u0219coala nu ar fi permis oricui s\u0103 fac\u0103 asemenea\u2026D.D: V\u0103 admir\u0103!(&#8230;)\u201d.<\/p>\n\n<p>\u00a0<\/p>","protected":false},"excerpt":{"rendered":"<p>Tocaci Dan Victor &#8211; T.D.V: Nu. Haide\u021bi s\u0103 o lu\u0103m a\u0219a. Deci\u2026 una peste alta\u2026&hellip;<\/p>\n","protected":false},"author":0,"featured_media":5558,"comment_status":"open","ping_status":"open","sticky":false,"template":"","format":"standard","meta":{"footnotes":""},"categories":[2],"tags":[],"class_list":["post-5557","post","type-post","status-publish","format-standard","has-post-thumbnail","hentry","category-actual"],"_links":{"self":[{"href":"https:\/\/247stiri.ro\/index.php\/wp-json\/wp\/v2\/posts\/5557","targetHints":{"allow":["GET"]}}],"collection":[{"href":"https:\/\/247stiri.ro\/index.php\/wp-json\/wp\/v2\/posts"}],"about":[{"href":"https:\/\/247stiri.ro\/index.php\/wp-json\/wp\/v2\/types\/post"}],"replies":[{"embeddable":true,"href":"https:\/\/247stiri.ro\/index.php\/wp-json\/wp\/v2\/comments?post=5557"}],"version-history":[{"count":0,"href":"https:\/\/247stiri.ro\/index.php\/wp-json\/wp\/v2\/posts\/5557\/revisions"}],"wp:featuredmedia":[{"embeddable":true,"href":"https:\/\/247stiri.ro\/index.php\/wp-json\/wp\/v2\/media\/5558"}],"wp:attachment":[{"href":"https:\/\/247stiri.ro\/index.php\/wp-json\/wp\/v2\/media?parent=5557"}],"wp:term":[{"taxonomy":"category","embeddable":true,"href":"https:\/\/247stiri.ro\/index.php\/wp-json\/wp\/v2\/categories?post=5557"},{"taxonomy":"post_tag","embeddable":true,"href":"https:\/\/247stiri.ro\/index.php\/wp-json\/wp\/v2\/tags?post=5557"}],"curies":[{"name":"wp","href":"https:\/\/api.w.org\/{rel}","templated":true}]}}