{"id":55577,"date":"2026-01-02T15:44:49","date_gmt":"2026-01-02T15:44:49","guid":{"rendered":"https:\/\/247stiri.ro\/index.php\/2026\/01\/02\/riscul-de-avalansa-in-muntii-fagaras-ridicat-la-gradul-patru-din-cinci-avertismentul-meteorolgilor\/"},"modified":"2026-01-02T15:44:49","modified_gmt":"2026-01-02T15:44:49","slug":"riscul-de-avalansa-in-muntii-fagaras-ridicat-la-gradul-patru-din-cinci-avertismentul-meteorolgilor","status":"publish","type":"post","link":"https:\/\/247stiri.ro\/index.php\/2026\/01\/02\/riscul-de-avalansa-in-muntii-fagaras-ridicat-la-gradul-patru-din-cinci-avertismentul-meteorolgilor\/","title":{"rendered":"Riscul de avalan\u0219\u0103 \u00een Mun\u021bii F\u0103g\u0103ra\u0219, ridicat la gradul patru din cinci. Avertismentul meteorolgilor"},"content":{"rendered":"<p>Avertizarea este valabil\u0103 \u00eencep\u00e2nd de vineri, ora 20:00, p\u00e2n\u0103 luni, ora 20:00, informeaz\u0103 Buletinul nivometeorologic.<\/p>\n<p>Potrivit meteorologilor, \u00een zona turistic\u0103 B\u00e2lea Lac va ninge \u00een urm\u0103toarele zile, ceea ce va cre\u0219te \u201dlocal stratul cu peste 20 centimetri \u0219i izolat mai mult\u201d.<\/p>\n<p>\u00cen prezent, stratul de z\u0103pad\u0103 m\u0103soar\u0103 85 centimetri la B\u00e2lea Lac, fiind cel mai mare strat de z\u0103pad\u0103 m\u0103surat la o sta\u021bie meteo \u00een jude\u021bul Sibiu.<\/p>\n<p>Autorit\u0103\u021bile le reamintesc turi\u0219tilor c\u0103 accesul la B\u00e2lea Lac se poate face cu ma\u0219ina pe Transf\u0103g\u0103r\u0103\u0219an p\u00e2n\u0103 la B\u00e2lea Cascad\u0103, de unde se urc\u0103 doar cu telecabina, c\u00e2nd condi\u021biile meteo o permit.<\/p>\n<p>Avertismentul meteorologilor a venit la numai c\u00e2teva ore, dup\u0103 ce <a href=\"https:\/\/www.realitatea.net\/stiri\/actual\/o-avalansa-de-mari-dimensiuni-a-avut-loc-in-muntii-fagarasului-doi-schiori-se-aflau-in-zona-video_6957a80032b29a432921e543\" target=\"_blank\">o avalan\u0219\u0103 de mari dimensiuni<\/a> s-a produs, vineri, \u00een zona B\u00e2lea Lac din Mun\u021bii F\u0103g\u0103ra\u0219, fiind declan\u0219at\u0103 accidental de doi schiori, care au reu\u0219it totu\u0219i s\u0103 scape nev\u0103t\u0103ma\u021bi.\u00a0<\/p>","protected":false},"excerpt":{"rendered":"<p>Avertizarea este valabil\u0103 \u00eencep\u00e2nd de vineri, ora 20:00, p\u00e2n\u0103 luni, ora 20:00, informeaz\u0103 Buletinul nivometeorologic.&hellip;<\/p>\n","protected":false},"author":0,"featured_media":55578,"comment_status":"open","ping_status":"open","sticky":false,"template":"","format":"standard","meta":{"footnotes":""},"categories":[2],"tags":[],"class_list":["post-55577","post","type-post","status-publish","format-standard","has-post-thumbnail","hentry","category-actual"],"_links":{"self":[{"href":"https:\/\/247stiri.ro\/index.php\/wp-json\/wp\/v2\/posts\/55577","targetHints":{"allow":["GET"]}}],"collection":[{"href":"https:\/\/247stiri.ro\/index.php\/wp-json\/wp\/v2\/posts"}],"about":[{"href":"https:\/\/247stiri.ro\/index.php\/wp-json\/wp\/v2\/types\/post"}],"replies":[{"embeddable":true,"href":"https:\/\/247stiri.ro\/index.php\/wp-json\/wp\/v2\/comments?post=55577"}],"version-history":[{"count":0,"href":"https:\/\/247stiri.ro\/index.php\/wp-json\/wp\/v2\/posts\/55577\/revisions"}],"wp:featuredmedia":[{"embeddable":true,"href":"https:\/\/247stiri.ro\/index.php\/wp-json\/wp\/v2\/media\/55578"}],"wp:attachment":[{"href":"https:\/\/247stiri.ro\/index.php\/wp-json\/wp\/v2\/media?parent=55577"}],"wp:term":[{"taxonomy":"category","embeddable":true,"href":"https:\/\/247stiri.ro\/index.php\/wp-json\/wp\/v2\/categories?post=55577"},{"taxonomy":"post_tag","embeddable":true,"href":"https:\/\/247stiri.ro\/index.php\/wp-json\/wp\/v2\/tags?post=55577"}],"curies":[{"name":"wp","href":"https:\/\/api.w.org\/{rel}","templated":true}]}}