{"id":55600,"date":"2026-01-02T17:44:50","date_gmt":"2026-01-02T17:44:50","guid":{"rendered":"https:\/\/247stiri.ro\/index.php\/2026\/01\/02\/carambol-cu-patru-masini-pe-dn-11-brasov-targu-secuiesc-in-zona-localitatii-chichis-traficul-este-blocat-pe-ambele-sensuri\/"},"modified":"2026-01-02T17:44:50","modified_gmt":"2026-01-02T17:44:50","slug":"carambol-cu-patru-masini-pe-dn-11-brasov-targu-secuiesc-in-zona-localitatii-chichis-traficul-este-blocat-pe-ambele-sensuri","status":"publish","type":"post","link":"https:\/\/247stiri.ro\/index.php\/2026\/01\/02\/carambol-cu-patru-masini-pe-dn-11-brasov-targu-secuiesc-in-zona-localitatii-chichis-traficul-este-blocat-pe-ambele-sensuri\/","title":{"rendered":"Carambol cu patru ma\u0219ini pe DN 11 Bra\u015fov \u2013 T\u00e2rgu Secuiesc, \u00een zona localit\u0103\u0163ii Chichi\u015f. Traficul este blocat pe ambele sensuri"},"content":{"rendered":"<p>IPJ Covasna a transmis c\u0103, vineri sear\u0103, circula\u0163ia rutier\u0103 este blocat\u0103 pe ambele sensuri pe DN 11, \u00een zona localit\u0103\u0163ii Chichi\u015f, din cauza unui <a href=\"https:\/\/www.realitatea.net\/stiri\/actual\/o-masina-a-cazut-intro-prapastie-de-aproximativ-10-metri-in-judetul-arges-un-minor-de-15-ani-a-fost-ranit_6957d1182c5f86660c76a462\" target=\"_blank\">accident <\/a>\u00een care au fost implicate patru ma\u0219ini.\u00a0<\/p>\n<p>Acolo, echipajele medicale intervin pentru evaluarea victimelor \u015fi acordarea primului ajutor. \u00a0<\/p>\n<p>\u201d\u00cen urma coliziunii, dou\u0103 persoane sunt asistate medical la fa\u0163a locului, urm\u00e2nd s\u0103 se stabileasc\u0103 dac\u0103 se impune transportul la spital\u201d, precizeaz\u0103 Centrul INFOTRAFIC din Inspectoratul General al Poli\u0163iei Rom\u00e2ne.\u00a0<\/p>\n<p>Poli\u0163i\u015ftii desf\u0103\u015foar\u0103 activit\u0103\u0163i de cercetare \u015fi dirijare a traficului, circula\u0163ia fiind deviat\u0103 prin localitatea Chichi\u015f.\u00a0<\/p>\n<p>\u015eoferii sunt ruga\u0163i sa circule cu pruden\u0163\u0103 sporit\u0103 \u015fi s\u0103 respecte indica\u0163iile poli\u0163i\u015ftilor rutieri.<\/p>","protected":false},"excerpt":{"rendered":"<p>IPJ Covasna a transmis c\u0103, vineri sear\u0103, circula\u0163ia rutier\u0103 este blocat\u0103 pe ambele sensuri pe&hellip;<\/p>\n","protected":false},"author":0,"featured_media":55601,"comment_status":"open","ping_status":"open","sticky":false,"template":"","format":"standard","meta":{"footnotes":""},"categories":[2],"tags":[],"class_list":["post-55600","post","type-post","status-publish","format-standard","has-post-thumbnail","hentry","category-actual"],"_links":{"self":[{"href":"https:\/\/247stiri.ro\/index.php\/wp-json\/wp\/v2\/posts\/55600","targetHints":{"allow":["GET"]}}],"collection":[{"href":"https:\/\/247stiri.ro\/index.php\/wp-json\/wp\/v2\/posts"}],"about":[{"href":"https:\/\/247stiri.ro\/index.php\/wp-json\/wp\/v2\/types\/post"}],"replies":[{"embeddable":true,"href":"https:\/\/247stiri.ro\/index.php\/wp-json\/wp\/v2\/comments?post=55600"}],"version-history":[{"count":0,"href":"https:\/\/247stiri.ro\/index.php\/wp-json\/wp\/v2\/posts\/55600\/revisions"}],"wp:featuredmedia":[{"embeddable":true,"href":"https:\/\/247stiri.ro\/index.php\/wp-json\/wp\/v2\/media\/55601"}],"wp:attachment":[{"href":"https:\/\/247stiri.ro\/index.php\/wp-json\/wp\/v2\/media?parent=55600"}],"wp:term":[{"taxonomy":"category","embeddable":true,"href":"https:\/\/247stiri.ro\/index.php\/wp-json\/wp\/v2\/categories?post=55600"},{"taxonomy":"post_tag","embeddable":true,"href":"https:\/\/247stiri.ro\/index.php\/wp-json\/wp\/v2\/tags?post=55600"}],"curies":[{"name":"wp","href":"https:\/\/api.w.org\/{rel}","templated":true}]}}