{"id":55602,"date":"2026-01-02T17:44:52","date_gmt":"2026-01-02T17:44:52","guid":{"rendered":"https:\/\/247stiri.ro\/index.php\/2026\/01\/02\/calin-si-cristela-georgescu-mesaj-pentru-victimele-tragediei-din-elvetia-ne-rugam-pentru-cei-plecati-dintre-noi-si-pentru-alinarea-celor-care-sufera\/"},"modified":"2026-01-02T17:44:52","modified_gmt":"2026-01-02T17:44:52","slug":"calin-si-cristela-georgescu-mesaj-pentru-victimele-tragediei-din-elvetia-ne-rugam-pentru-cei-plecati-dintre-noi-si-pentru-alinarea-celor-care-sufera","status":"publish","type":"post","link":"https:\/\/247stiri.ro\/index.php\/2026\/01\/02\/calin-si-cristela-georgescu-mesaj-pentru-victimele-tragediei-din-elvetia-ne-rugam-pentru-cei-plecati-dintre-noi-si-pentru-alinarea-celor-care-sufera\/","title":{"rendered":"C\u0103lin \u0219i Cristela Georgescu, mesaj pentru victimele tragediei din Elve\u021bia: \u201eNe rug\u0103m pentru cei pleca\u021bi dintre noi \u0219i pentru alinarea celor care sufer\u0103\u201d"},"content":{"rendered":"<p>\u201eAm aflat despre tragedia petrecut\u0103 la finalul anului, pe 31 decembrie 2025, \u00een Crans-Montana, \u00een Elve\u021bia \u2014 o amintire dureroas\u0103 a fragilit\u0103\u021bii vie\u021bii.\u00cen spatele acestei suferin\u021be sunt oameni, lacrimi, familii \u00eendoliate \u2014 semeni de-ai no\u0219tri, fra\u021bi \u00een durere. Ca p\u0103rin\u021bi \u0219i cre\u0219tini, ne \u00eendrept\u0103m \u0219i noi g\u00e2ndurile \u0219i rug\u0103ciunea c\u0103tre Dumnezeu pentru to\u021bi cei afecta\u021bi de acest eveniment dramatic. Condolean\u021be.\u00cen astfel de momente, dincolo de orice diferen\u021be, dincolo de locuri \u0219i de grani\u021be, suntem chema\u021bi la omenie \u0219i respect pentru via\u021ba uman\u0103: s\u0103 ne rug\u0103m \u00eempreun\u0103 pentru cei pleca\u021bi dintre noi \u0219i pentru alinarea celor care sufer\u0103. Dumnezeu s\u0103-i ierte \u0219i s\u0103 le odihneasc\u0103 sufletele \u00een Bucuria Ve\u0219niciei Sale!C\u0103lin \u0219i Cristela GEORGESCU\u201d, a scris C\u0103lin Georgescu pe Facebook.\u00a0<\/p>","protected":false},"excerpt":{"rendered":"<p>\u201eAm aflat despre tragedia petrecut\u0103 la finalul anului, pe 31 decembrie 2025, \u00een Crans-Montana, \u00een&hellip;<\/p>\n","protected":false},"author":0,"featured_media":55603,"comment_status":"open","ping_status":"open","sticky":false,"template":"","format":"standard","meta":{"footnotes":""},"categories":[2],"tags":[],"class_list":["post-55602","post","type-post","status-publish","format-standard","has-post-thumbnail","hentry","category-actual"],"_links":{"self":[{"href":"https:\/\/247stiri.ro\/index.php\/wp-json\/wp\/v2\/posts\/55602","targetHints":{"allow":["GET"]}}],"collection":[{"href":"https:\/\/247stiri.ro\/index.php\/wp-json\/wp\/v2\/posts"}],"about":[{"href":"https:\/\/247stiri.ro\/index.php\/wp-json\/wp\/v2\/types\/post"}],"replies":[{"embeddable":true,"href":"https:\/\/247stiri.ro\/index.php\/wp-json\/wp\/v2\/comments?post=55602"}],"version-history":[{"count":0,"href":"https:\/\/247stiri.ro\/index.php\/wp-json\/wp\/v2\/posts\/55602\/revisions"}],"wp:featuredmedia":[{"embeddable":true,"href":"https:\/\/247stiri.ro\/index.php\/wp-json\/wp\/v2\/media\/55603"}],"wp:attachment":[{"href":"https:\/\/247stiri.ro\/index.php\/wp-json\/wp\/v2\/media?parent=55602"}],"wp:term":[{"taxonomy":"category","embeddable":true,"href":"https:\/\/247stiri.ro\/index.php\/wp-json\/wp\/v2\/categories?post=55602"},{"taxonomy":"post_tag","embeddable":true,"href":"https:\/\/247stiri.ro\/index.php\/wp-json\/wp\/v2\/tags?post=55602"}],"curies":[{"name":"wp","href":"https:\/\/api.w.org\/{rel}","templated":true}]}}