{"id":55614,"date":"2026-01-02T18:46:33","date_gmt":"2026-01-02T18:46:33","guid":{"rendered":"https:\/\/247stiri.ro\/index.php\/2026\/01\/02\/un-avion-c-27j-spartan-a-plecat-in-elvetia-pentru-a-transporta-sase-pacienti-cu-arsuri-la-un-spital-din-franta-anuntul-mapn\/"},"modified":"2026-01-02T18:46:33","modified_gmt":"2026-01-02T18:46:33","slug":"un-avion-c-27j-spartan-a-plecat-in-elvetia-pentru-a-transporta-sase-pacienti-cu-arsuri-la-un-spital-din-franta-anuntul-mapn","status":"publish","type":"post","link":"https:\/\/247stiri.ro\/index.php\/2026\/01\/02\/un-avion-c-27j-spartan-a-plecat-in-elvetia-pentru-a-transporta-sase-pacienti-cu-arsuri-la-un-spital-din-franta-anuntul-mapn\/","title":{"rendered":"Un avion C-27J Spartan a plecat \u00een Elve\u0163ia, pentru a transporta \u015fase pacien\u0163i cu arsuri la un spital din Fran\u0163a. Anun\u021bul MApN"},"content":{"rendered":"<p>\u201dO aeronav\u0103 C-27J Spartan a For\u0163elor Aeriene Rom\u00e2ne, configurat\u0103 pentru misiuni medicale, a plecat vineri, 2 ianuarie, \u00een jurul orei 19.00, din Baza 90 Transport Aerian, de la Otopeni, cu destina\u0163ia Elve\u0163ia, pentru a transporta \u015fase pacien\u0163i diagnostica\u0163i cu arsuri la un spital din Paris, Fran\u0163a. Pe timpul zborului, pacien\u0163ii vor fi monitoriza\u0163i de o echip\u0103 medical\u0103 mixt\u0103 asigurat\u0103 de For\u0163ele Aeriene Rom\u00e2ne \u015fi de UPU SMURD al SCUB Floreasca\u201d, a anun\u0163at MApN printr-un comunicat de pres\u0103.\u00a0<\/p>\n<p>Misiunea aeronavei a fost aprobat\u0103 la solicitarea Departamentului pentru Situa\u0163ii de Urgen\u0163\u0103, \u00een baza cererii de asisten\u0163\u0103 interna\u0163ional\u0103 formulat\u0103 de autorit\u0103\u0163ile din Confedera\u0163ia Elve\u0163ian\u0103, prin intermediul Mecanismului European de Protec\u0163ie Civil\u0103.<\/p>\n<p>Potrivit, MApN, mecanismul a fost instituit \u00een 2001 de Uniunea European\u0103 pentru a permite \u0163\u0103rilor participante (UE \u015fi non-UE) s\u0103 \u00ee\u015fi coordoneze asisten\u0163a \u00een cazul unei situa\u0163ii de urgen\u0163\u0103 la scar\u0103 larg\u0103 care nu poate fi rezolvat\u0103 doar de sistemul de protec\u0163ie civil\u0103 al unei \u0163\u0103ri.<\/p>\n<p>\u201dRom\u00e2nia \u00ee\u015fi reafirm\u0103, astfel, solidaritatea cu Confedera\u0163ia Elve\u0163ian\u0103 \u015fi angajamentul de a contribui activ la gestionarea situa\u0163iilor de urgen\u0163\u0103 majore, atunci c\u00e2nd este solicitat sprijin interna\u0163ional, av\u00e2nd ca prioritate salvarea vie\u0163ii \u015fi protejarea s\u0103n\u0103t\u0103\u0163ii persoanelor afectate\u201d, a ad\u0103ugat sursa citat\u0103.\u00a0<\/p>\n<p>Tot \u00een baza acestui mecanism, \u00een luna martie a anului trecut, o aeronav\u0103 C-27J Spartan a For\u0163elor Aeriene Rom\u00e2ne, configurat\u0103 pentru misiuni medicale, a transportat pacien\u0163i diagnostica\u0163i cu arsuri de la Skopje, Macedonia de Nord, la un spital din Vilnius, Lituania.<\/p>\n<p>V\u0103 reamintim c\u0103 ministrul Ap\u0103r\u0103rii, Radu Miru\u0163\u0103, a anun\u0163at, vineri, c\u0103, \u00een urma deciziei Comitetului Na\u0163ional pentru Situa\u0163ii de Urgen\u0163\u0103, o aeronav\u0103 militar\u0103 este preg\u0103tit\u0103 s\u0103 decoleze pentru a transporta, de la Lausanne spre Paris, \u015fase tineri cu arsuri grave \u00een urma incendiului de la Crans-Montana.<\/p>\n<p>Oficialul a explicat c\u0103 Armata ofer\u0103 sprijinul, \u201df\u0103r\u0103 a \u00eentreba cine pl\u0103te\u015fte cheltuielile, sau dac\u0103 au fost ori nu prev\u0103zu\u0163i bani \u00een buget\u201d.<\/p>","protected":false},"excerpt":{"rendered":"<p>\u201dO aeronav\u0103 C-27J Spartan a For\u0163elor Aeriene Rom\u00e2ne, configurat\u0103 pentru misiuni medicale, a plecat vineri,&hellip;<\/p>\n","protected":false},"author":0,"featured_media":55609,"comment_status":"open","ping_status":"open","sticky":false,"template":"","format":"standard","meta":{"footnotes":""},"categories":[2],"tags":[],"class_list":["post-55614","post","type-post","status-publish","format-standard","has-post-thumbnail","hentry","category-actual"],"_links":{"self":[{"href":"https:\/\/247stiri.ro\/index.php\/wp-json\/wp\/v2\/posts\/55614","targetHints":{"allow":["GET"]}}],"collection":[{"href":"https:\/\/247stiri.ro\/index.php\/wp-json\/wp\/v2\/posts"}],"about":[{"href":"https:\/\/247stiri.ro\/index.php\/wp-json\/wp\/v2\/types\/post"}],"replies":[{"embeddable":true,"href":"https:\/\/247stiri.ro\/index.php\/wp-json\/wp\/v2\/comments?post=55614"}],"version-history":[{"count":0,"href":"https:\/\/247stiri.ro\/index.php\/wp-json\/wp\/v2\/posts\/55614\/revisions"}],"wp:featuredmedia":[{"embeddable":true,"href":"https:\/\/247stiri.ro\/index.php\/wp-json\/wp\/v2\/media\/55609"}],"wp:attachment":[{"href":"https:\/\/247stiri.ro\/index.php\/wp-json\/wp\/v2\/media?parent=55614"}],"wp:term":[{"taxonomy":"category","embeddable":true,"href":"https:\/\/247stiri.ro\/index.php\/wp-json\/wp\/v2\/categories?post=55614"},{"taxonomy":"post_tag","embeddable":true,"href":"https:\/\/247stiri.ro\/index.php\/wp-json\/wp\/v2\/tags?post=55614"}],"curies":[{"name":"wp","href":"https:\/\/api.w.org\/{rel}","templated":true}]}}