{"id":55615,"date":"2026-01-02T18:46:34","date_gmt":"2026-01-02T18:46:34","guid":{"rendered":"https:\/\/247stiri.ro\/index.php\/2026\/01\/02\/radu-miruta-spune-ca-ajutorul-de-50-de-milioane-de-euro-pentru-ucraina-este-deja-prevazut-in-buget\/"},"modified":"2026-01-02T18:46:34","modified_gmt":"2026-01-02T18:46:34","slug":"radu-miruta-spune-ca-ajutorul-de-50-de-milioane-de-euro-pentru-ucraina-este-deja-prevazut-in-buget","status":"publish","type":"post","link":"https:\/\/247stiri.ro\/index.php\/2026\/01\/02\/radu-miruta-spune-ca-ajutorul-de-50-de-milioane-de-euro-pentru-ucraina-este-deja-prevazut-in-buget\/","title":{"rendered":"Radu Miru\u021b\u0103 spune c\u0103 ajutorul de 50 de milioane de euro pentru Ucraina este deja prev\u0103zut \u00een buget"},"content":{"rendered":"<p>Ministrul Ap\u0103r\u0103rii, Radu Miru\u021b\u0103, a oferit clarific\u0103ri cu privire la participarea Rom\u00e2niei la mecanismul PURL (Priority Utilization Requirements List), subliniind c\u0103 fondurile necesare, \u00een valoare de 50 de milioane de euro, nu reprezint\u0103 o cheltuial\u0103 neprev\u0103zut\u0103, ci sunt deja incluse \u00een bugetul aprobat al Ministerului Ap\u0103r\u0103rii.<\/p>\n<p>Spre deosebire de alte state care au ales s\u0103 acorde asisten\u021b\u0103 \u00een regim clasificat, Rom\u00e2nia a optat pentru o abordare transparent\u0103 \u00een acest caz, asum\u00e2ndu-\u0219i public decizia de a sprijini Ucraina. Aceast\u0103 form\u0103 de ajutor func\u021bioneaz\u0103 printr-un sistem coordonat de Statele Unite: \u021b\u0103rile partenere contribuie la un fond comun gestionat de NATO, din care se achizi\u021bioneaz\u0103 echipamente militare americane ce sunt ulterior livrate centralizat c\u0103tre frontul ucrainean.<\/p>\n<p>Dincolo de aspectele logistice, oficialul a explicat c\u0103 acest demers este unul de importan\u021b\u0103 strategic\u0103 pentru securitatea na\u021bional\u0103, argument\u00e2nd c\u0103 stabilitatea economic\u0103 \u0219i social\u0103 a Rom\u00e2niei depinde \u00een mod direct de men\u021binerea conflictului dincolo de grani\u021be.<\/p>\n<p>Miru\u021b\u0103 a subliniat c\u0103 existen\u021ba unei zone tampon este un c\u00e2\u0219tig vital pentru \u021bar\u0103, deoarece dezvoltarea afacerilor, a sistemului sanitar sau a celui educa\u021bional ar fi imposibil\u0103 \u00een cazul unei proximit\u0103\u021bi imediate a for\u021belor ruse, de exemplu la Gala\u021bi. Astfel, sprijinul acordat prin mecanismul PURL este privit ca o investi\u021bie necesar\u0103 pentru a garanta lini\u0219tea intern\u0103 \u0219i pentru a limita amenin\u021b\u0103rile la frontiera NATO.<\/p>","protected":false},"excerpt":{"rendered":"<p>Ministrul Ap\u0103r\u0103rii, Radu Miru\u021b\u0103, a oferit clarific\u0103ri cu privire la participarea Rom\u00e2niei la mecanismul PURL&hellip;<\/p>\n","protected":false},"author":0,"featured_media":55613,"comment_status":"open","ping_status":"open","sticky":false,"template":"","format":"standard","meta":{"footnotes":""},"categories":[2],"tags":[],"class_list":["post-55615","post","type-post","status-publish","format-standard","has-post-thumbnail","hentry","category-actual"],"_links":{"self":[{"href":"https:\/\/247stiri.ro\/index.php\/wp-json\/wp\/v2\/posts\/55615","targetHints":{"allow":["GET"]}}],"collection":[{"href":"https:\/\/247stiri.ro\/index.php\/wp-json\/wp\/v2\/posts"}],"about":[{"href":"https:\/\/247stiri.ro\/index.php\/wp-json\/wp\/v2\/types\/post"}],"replies":[{"embeddable":true,"href":"https:\/\/247stiri.ro\/index.php\/wp-json\/wp\/v2\/comments?post=55615"}],"version-history":[{"count":0,"href":"https:\/\/247stiri.ro\/index.php\/wp-json\/wp\/v2\/posts\/55615\/revisions"}],"wp:featuredmedia":[{"embeddable":true,"href":"https:\/\/247stiri.ro\/index.php\/wp-json\/wp\/v2\/media\/55613"}],"wp:attachment":[{"href":"https:\/\/247stiri.ro\/index.php\/wp-json\/wp\/v2\/media?parent=55615"}],"wp:term":[{"taxonomy":"category","embeddable":true,"href":"https:\/\/247stiri.ro\/index.php\/wp-json\/wp\/v2\/categories?post=55615"},{"taxonomy":"post_tag","embeddable":true,"href":"https:\/\/247stiri.ro\/index.php\/wp-json\/wp\/v2\/tags?post=55615"}],"curies":[{"name":"wp","href":"https:\/\/api.w.org\/{rel}","templated":true}]}}