{"id":55617,"date":"2026-01-02T18:46:34","date_gmt":"2026-01-02T18:46:34","guid":{"rendered":"https:\/\/247stiri.ro\/index.php\/2026\/01\/02\/rezistii-incep-anul-cu-un-nou-scandal-aberatiile-lui-schwartz-acuza-televizunea-publica-de-discriminare\/"},"modified":"2026-01-02T18:46:34","modified_gmt":"2026-01-02T18:46:34","slug":"rezistii-incep-anul-cu-un-nou-scandal-aberatiile-lui-schwartz-acuza-televizunea-publica-de-discriminare","status":"publish","type":"post","link":"https:\/\/247stiri.ro\/index.php\/2026\/01\/02\/rezistii-incep-anul-cu-un-nou-scandal-aberatiile-lui-schwartz-acuza-televizunea-publica-de-discriminare\/","title":{"rendered":"Rezi\u0219tii \u00eencep anul cu un nou scandal. Abera\u021biile lui Schwartz: acuz\u0103 televizunea public\u0103 de discriminare"},"content":{"rendered":"<p>\u00centr-o postare pe pagina de socializare, Schwartz, pre\u0219edintele Radioului public, desemnat \u00een func\u021bie de<a href=\"https:\/\/www.realitatea.net\/stiri\/politica\/atac-la-justitie-in-prima-zi-din-an-ce-cere-usr_695777acb79d1046b97145f5\" target=\"_blank\"> USR, <\/a>se \u00eentreb\u0103 \u201ecum s-or sim\u021bi cet\u0103\u021benii rom\u00e2ni care apar\u021bin minorit\u0103\u021bilor etnice din Rom\u00e2nia, dar \u0219i expa\u021bii care muncesc, tr\u0103iesc \u0219i pl\u0103tesc impozite din care se finan\u021beaz\u0103 media publice din Rom\u00e2nia\u201d.<\/p>\n<p>\u201dMare ne-a fost mirarea s\u0103 constat\u0103m c\u0103 la 70 de ani de la primele emisiuni (&#8230;), TVR se percepe ca \u201eTeleviziunea rom\u00e2nilor\u201d \u2013 un insert nou, \u00een col\u021bul din dreapta sus, \u00een completarea logo-ului. Ne-am \u00eentrebat cum s-or sim\u021bi cet\u0103\u021benii rom\u00e2ni apar\u021bin\u00e2nd minorit\u0103\u021bilor etnice din Rom\u00e2nia, dar \u0219i expa\u021bii care muncesc, tr\u0103iesc \u0219i pl\u0103tesc impozite din care se finan\u021beaz\u0103 media publice din Rom\u00e2nia. (&#8230;) BBC, ARD, ZDF, TF, TVE \u0219i alte televiziuni publice evit\u0103 formul\u0103ri \u201cidentitare\u201d, tocmai pentru a nu crea o excludere simbolic\u0103. (&#8230;) De ce ar fi nevoie acum, la 70 de ani de la \u00eenfiin\u021bare, de o \u201crebranduire\u201d?\u201d, a scris Robert Schwartz pe pagina sa de Facebook.<\/p>\n<p>\u00cen opinia pre\u0219edintelui Radiodifuziunii, problema nu este una de nuan\u021b\u0103 semantic\u0103, ci de mesaj simbolic transmis de o institu\u021bie care ar trebui s\u0103 fie a tuturor. Formula ar crea, \u00een viziunea sa, o delimitare implicit\u0103 \u00eentre \u201erom\u00e2ni\u201d \u0219i ceilal\u021bi reziden\u021bi ai Rom\u00e2niei.\u00a0<\/p>\n<p>Robert Schwartz a fost numit \u0219eful Radioului public, \u00een noiembrie 2025, la propunerea USR.\u00a0<\/p>","protected":false},"excerpt":{"rendered":"<p>\u00centr-o postare pe pagina de socializare, Schwartz, pre\u0219edintele Radioului public, desemnat \u00een func\u021bie de USR,&hellip;<\/p>\n","protected":false},"author":0,"featured_media":55618,"comment_status":"open","ping_status":"open","sticky":false,"template":"","format":"standard","meta":{"footnotes":""},"categories":[2],"tags":[],"class_list":["post-55617","post","type-post","status-publish","format-standard","has-post-thumbnail","hentry","category-actual"],"_links":{"self":[{"href":"https:\/\/247stiri.ro\/index.php\/wp-json\/wp\/v2\/posts\/55617","targetHints":{"allow":["GET"]}}],"collection":[{"href":"https:\/\/247stiri.ro\/index.php\/wp-json\/wp\/v2\/posts"}],"about":[{"href":"https:\/\/247stiri.ro\/index.php\/wp-json\/wp\/v2\/types\/post"}],"replies":[{"embeddable":true,"href":"https:\/\/247stiri.ro\/index.php\/wp-json\/wp\/v2\/comments?post=55617"}],"version-history":[{"count":0,"href":"https:\/\/247stiri.ro\/index.php\/wp-json\/wp\/v2\/posts\/55617\/revisions"}],"wp:featuredmedia":[{"embeddable":true,"href":"https:\/\/247stiri.ro\/index.php\/wp-json\/wp\/v2\/media\/55618"}],"wp:attachment":[{"href":"https:\/\/247stiri.ro\/index.php\/wp-json\/wp\/v2\/media?parent=55617"}],"wp:term":[{"taxonomy":"category","embeddable":true,"href":"https:\/\/247stiri.ro\/index.php\/wp-json\/wp\/v2\/categories?post=55617"},{"taxonomy":"post_tag","embeddable":true,"href":"https:\/\/247stiri.ro\/index.php\/wp-json\/wp\/v2\/tags?post=55617"}],"curies":[{"name":"wp","href":"https:\/\/api.w.org\/{rel}","templated":true}]}}