{"id":55644,"date":"2026-01-03T07:45:02","date_gmt":"2026-01-03T07:45:02","guid":{"rendered":"https:\/\/247stiri.ro\/index.php\/2026\/01\/03\/razboi-in-ucraina-ziua-1410-decizie-surpriza-la-kiev-zelenski-schimba-ministrul-apararii-in-plin-conflict-live-text\/"},"modified":"2026-01-03T07:45:02","modified_gmt":"2026-01-03T07:45:02","slug":"razboi-in-ucraina-ziua-1410-decizie-surpriza-la-kiev-zelenski-schimba-ministrul-apararii-in-plin-conflict-live-text","status":"publish","type":"post","link":"https:\/\/247stiri.ro\/index.php\/2026\/01\/03\/razboi-in-ucraina-ziua-1410-decizie-surpriza-la-kiev-zelenski-schimba-ministrul-apararii-in-plin-conflict-live-text\/","title":{"rendered":"R\u0103zboi \u00een Ucraina, ziua 1410. Decizie surpriz\u0103 la Kiev: Zelenski schimb\u0103 ministrul Ap\u0103r\u0103rii, \u00een plin conflict &#8211; LIVE TEXT"},"content":{"rendered":"<p>&#8222;Am decis s\u0103 modific structura Ministerului ucrainean al Ap\u0103r\u0103rii. I-am propus lui Mihailo Fedorov func\u021bia de nou ministru al ap\u0103r\u0103rii al Ucrainei&#8221;, a anun\u021bat Volodimir Zelenski \u00een mesajul s\u0103u zilnic difuzat pe re\u021belele sociale.<\/p>\n\n<p>Liderul de la Kiev a precizat c\u0103 Denis \u0218migal urmeaz\u0103 s\u0103 preia un alt post \u00een cadrul Guvernului, f\u0103r\u0103 a oferi deocamdat\u0103 detalii suplimentare privind noua func\u021bie.<\/p>\n<p>Potrivit lui Zelenski, schimbarea urm\u0103re\u0219te eficientizarea conducerii ap\u0103r\u0103rii \u00eentr-un context \u00een care Ucraina se confrunt\u0103 cu provoc\u0103ri majore de securitate \u0219i are nevoie de o coordonare mai str\u00e2ns\u0103 \u00eentre tehnologie, ap\u0103rare \u0219i administra\u021bia de stat.<\/p>\n<p>Anterior, pre\u0219edintele Ucrainei l-a numit pe directorul Direc\u021biei Generale de Informa\u021bii a Ministerului Ap\u0103r\u0103rii (GUR), Kiril Budanov, \u00een func\u021bia de \u0219ef al Cancelariei Preziden\u021biale. Conducerea serviciului de informa\u021bii militare a fost preluat\u0103 de Oleg Iva\u0219cenko, care era \u0219eful serviciului de informa\u021bii externe.\u00a0<\/p>","protected":false},"excerpt":{"rendered":"<p>&#8222;Am decis s\u0103 modific structura Ministerului ucrainean al Ap\u0103r\u0103rii. I-am propus lui Mihailo Fedorov func\u021bia&hellip;<\/p>\n","protected":false},"author":0,"featured_media":55645,"comment_status":"open","ping_status":"open","sticky":false,"template":"","format":"standard","meta":{"footnotes":""},"categories":[4],"tags":[],"class_list":["post-55644","post","type-post","status-publish","format-standard","has-post-thumbnail","hentry","category-extern"],"_links":{"self":[{"href":"https:\/\/247stiri.ro\/index.php\/wp-json\/wp\/v2\/posts\/55644","targetHints":{"allow":["GET"]}}],"collection":[{"href":"https:\/\/247stiri.ro\/index.php\/wp-json\/wp\/v2\/posts"}],"about":[{"href":"https:\/\/247stiri.ro\/index.php\/wp-json\/wp\/v2\/types\/post"}],"replies":[{"embeddable":true,"href":"https:\/\/247stiri.ro\/index.php\/wp-json\/wp\/v2\/comments?post=55644"}],"version-history":[{"count":0,"href":"https:\/\/247stiri.ro\/index.php\/wp-json\/wp\/v2\/posts\/55644\/revisions"}],"wp:featuredmedia":[{"embeddable":true,"href":"https:\/\/247stiri.ro\/index.php\/wp-json\/wp\/v2\/media\/55645"}],"wp:attachment":[{"href":"https:\/\/247stiri.ro\/index.php\/wp-json\/wp\/v2\/media?parent=55644"}],"wp:term":[{"taxonomy":"category","embeddable":true,"href":"https:\/\/247stiri.ro\/index.php\/wp-json\/wp\/v2\/categories?post=55644"},{"taxonomy":"post_tag","embeddable":true,"href":"https:\/\/247stiri.ro\/index.php\/wp-json\/wp\/v2\/tags?post=55644"}],"curies":[{"name":"wp","href":"https:\/\/api.w.org\/{rel}","templated":true}]}}