{"id":55659,"date":"2026-01-03T08:44:56","date_gmt":"2026-01-03T08:44:56","guid":{"rendered":"https:\/\/247stiri.ro\/index.php\/2026\/01\/03\/explozii-puternice-in-caracas-chiar-langa-o-baza-militara-panica-in-venezuela-pe-fondul-tensiunilor-uriase-cu-sua-video\/"},"modified":"2026-01-03T08:44:56","modified_gmt":"2026-01-03T08:44:56","slug":"explozii-puternice-in-caracas-chiar-langa-o-baza-militara-panica-in-venezuela-pe-fondul-tensiunilor-uriase-cu-sua-video","status":"publish","type":"post","link":"https:\/\/247stiri.ro\/index.php\/2026\/01\/03\/explozii-puternice-in-caracas-chiar-langa-o-baza-militara-panica-in-venezuela-pe-fondul-tensiunilor-uriase-cu-sua-video\/","title":{"rendered":"Explozii puternice \u00een Caracas chiar l\u00e2ng\u0103 o baz\u0103 militar\u0103! Panic\u0103 \u00een Venezuela pe fondul tensiunilor uria\u0219e cu SUA &#8211; VIDEO"},"content":{"rendered":"<p>Bubuituri puternice, coloane de fum \u0219i pene de curent au fost raportate \u00een special \u00een sudul ora\u0219ului, \u00een apropierea unei importante baze militare, potrivit presei locale \u0219i a martorilor din zonele respective. Cel pu\u021bin \u0219apte explozii au fost auzite \u00een primele ore ale dimine\u021bii \u00een diferite cartiere ale capitalei.<\/p>\n<p>Mai multe explozii \u00een Caracas au provocat panic\u0103<\/p>\n<p>Martori cita\u021bi de Reuters \u0219i Associated Press au vorbit despre avioane care au survolat ora\u0219ul la altitudine joas\u0103 \u00een acela\u0219i interval, aliment\u00e2nd specula\u021biile privind o posibil\u0103 opera\u021biune militar\u0103 sau un incident grav \u00een interiorul bazei militare din sudul Caracasului. Zona afectat\u0103 a r\u0103mas f\u0103r\u0103 curent electric, iar autorit\u0103\u021bile nu au oferit p\u00e2n\u0103 acum nicio explica\u021bie oficial\u0103 privind cauza exploziilor sau a \u00eentreruperilor de curent.<\/p>\n<p>\ud83d\udea8 ATENCI\u00d3N | Circulan videos que muestran columnas de humo elev\u00e1ndose sobre Caracas. <a href=\"https:\/\/t.co\/sdwWzOq21i\">https:\/\/t.co\/sdwWzOq21i<\/a> <a href=\"https:\/\/t.co\/Me5kgKgtuX\">pic.twitter.com\/Me5kgKgtuX<\/a><\/p>\n<p>\u2014 Alexander Reyes (@alexand3rAr) <a href=\"https:\/\/twitter.com\/alexand3rAr\/status\/2007334626084426082?ref_src=twsrc%5Etfw\">January 3, 2026<\/a><\/p>\n<p>Locuitorii au intrat \u00een panic\u0103, mai ales c\u0103 sunt speria\u021bi din cauza instabilit\u0103\u021bii politice \u0219i a dificult\u0103\u021bilor economice care marcheaz\u0103 via\u021ba de zi cu zi \u00een Venezuela. Incidentul vine \u00eentr-un moment \u00eengrijor\u0103tor, mai ales c\u0103 pre\u0219edintele Nicol\u00e1s Maduro a \u00eenceput s\u0103 transmit\u0103 mesaje mai deschise c\u0103tre Washington.<\/p>\n<p>\u00centr-un interviu difuzat recent, acesta a afirmat c\u0103 Venezuela este dispus\u0103 s\u0103 discute cu SUA despre teme precum combaterea traficului de droguri. \u00cen acela\u0219i timp, Maduro a reiterat acuza\u021biile potrivit c\u0103rora administra\u021bia american\u0103 ar \u00eencerca s\u0103-i r\u0103stoarne guvernul \u0219i s\u0103 ob\u021bin\u0103 acces la resursele petroliere ale \u021b\u0103rii.<\/p>\n<p>Colombia desde ayer es miembro del Consejo de Seguridad de las Naciones Unidas, debe ser convocado de inmediato. Establecer la legalidad internacional de la agresi\u00f3n sobre Venezuela.El PMU est\u00e1 activado en C\u00facuta y el plan operacional en la frontera.<a href=\"https:\/\/t.co\/SKpEf2ZF8T\">https:\/\/t.co\/SKpEf2ZF8T<\/a><\/p>\n<p>\u2014 Gustavo Petro (@petrogustavo) <a href=\"https:\/\/twitter.com\/petrogustavo\/status\/2007350524983857348?ref_src=twsrc%5Etfw\">January 3, 2026<\/a>Nicolas Maduro, atac la adresa SUA<\/p>\n<p>De\u0219i a men\u021bionat c\u0103 Venezuela r\u0103m\u00e2ne deschis\u0103 investi\u021biilor americane, d\u00e2nd exemplu compania Chevron, liderul venezuelean a evitat s\u0103 comenteze direct informa\u021biile privind un posibil atac sprijinit de SUA, spun\u00e2nd doar c\u0103 subiectul ar putea fi discutat ulterior. Exploziile din Caracas coincid cu recente opera\u021biuni militare ale Statelor Unite \u00een zona Caraibelor \u0219i \u00een estul Pacificului.<\/p>\n<p>\u00cen ajunul Anului Nou, for\u021bele americane ar fi lovit cinci ambarca\u021biuni suspectate de trafic de droguri, incident soldat cu cel pu\u021bin cinci mor\u021bi. Conform datelor publicate de administra\u021bia Trump, astfel de opera\u021biuni au totalizat p\u00e2n\u0103 acum 35 de lovituri asupra unor ambarca\u021biuni \u0219i peste 115 victime. Printre cei uci\u0219i se num\u0103r\u0103 cet\u0103\u021beni venezueleni \u0219i columbieni, ceea ce a alimentat \u0219i mai mult tensiunile deja ridicate din regiune.<\/p>","protected":false},"excerpt":{"rendered":"<p>Bubuituri puternice, coloane de fum \u0219i pene de curent au fost raportate \u00een special \u00een&hellip;<\/p>\n","protected":false},"author":0,"featured_media":55660,"comment_status":"open","ping_status":"open","sticky":false,"template":"","format":"standard","meta":{"footnotes":""},"categories":[4],"tags":[],"class_list":["post-55659","post","type-post","status-publish","format-standard","has-post-thumbnail","hentry","category-extern"],"_links":{"self":[{"href":"https:\/\/247stiri.ro\/index.php\/wp-json\/wp\/v2\/posts\/55659","targetHints":{"allow":["GET"]}}],"collection":[{"href":"https:\/\/247stiri.ro\/index.php\/wp-json\/wp\/v2\/posts"}],"about":[{"href":"https:\/\/247stiri.ro\/index.php\/wp-json\/wp\/v2\/types\/post"}],"replies":[{"embeddable":true,"href":"https:\/\/247stiri.ro\/index.php\/wp-json\/wp\/v2\/comments?post=55659"}],"version-history":[{"count":0,"href":"https:\/\/247stiri.ro\/index.php\/wp-json\/wp\/v2\/posts\/55659\/revisions"}],"wp:featuredmedia":[{"embeddable":true,"href":"https:\/\/247stiri.ro\/index.php\/wp-json\/wp\/v2\/media\/55660"}],"wp:attachment":[{"href":"https:\/\/247stiri.ro\/index.php\/wp-json\/wp\/v2\/media?parent=55659"}],"wp:term":[{"taxonomy":"category","embeddable":true,"href":"https:\/\/247stiri.ro\/index.php\/wp-json\/wp\/v2\/categories?post=55659"},{"taxonomy":"post_tag","embeddable":true,"href":"https:\/\/247stiri.ro\/index.php\/wp-json\/wp\/v2\/tags?post=55659"}],"curies":[{"name":"wp","href":"https:\/\/api.w.org\/{rel}","templated":true}]}}