{"id":55663,"date":"2026-01-03T08:44:59","date_gmt":"2026-01-03T08:44:59","guid":{"rendered":"https:\/\/247stiri.ro\/index.php\/2026\/01\/03\/moarte-cumplita-pentru-un-barbat-din-targu-mures-care-a-vrut-doar-sa-se-incalzeasca-s-a-intoxicat-dupa-ce-a-aprins-haine-intr-o-boxa\/"},"modified":"2026-01-03T08:44:59","modified_gmt":"2026-01-03T08:44:59","slug":"moarte-cumplita-pentru-un-barbat-din-targu-mures-care-a-vrut-doar-sa-se-incalzeasca-s-a-intoxicat-dupa-ce-a-aprins-haine-intr-o-boxa","status":"publish","type":"post","link":"https:\/\/247stiri.ro\/index.php\/2026\/01\/03\/moarte-cumplita-pentru-un-barbat-din-targu-mures-care-a-vrut-doar-sa-se-incalzeasca-s-a-intoxicat-dupa-ce-a-aprins-haine-intr-o-boxa\/","title":{"rendered":"Moarte cumplit\u0103 pentru un b\u0103rbat din T\u00e2rgu Mure\u0219 care a vrut doar s\u0103 se \u00eenc\u0103lzeasc\u0103: s-a intoxicat dup\u0103 ce a aprins haine \u00eentr-o box\u0103"},"content":{"rendered":"<p>Potrivit informa\u021biilor transmise de IPJ Mure\u0219, b\u0103rbatul ar fi \u00eencercat s\u0103 \u00ee\u0219i fac\u0103 c\u0103ldur\u0103 aprinz\u00e2nd textile \u00een interiorul boxei, \u00eens\u0103 focul a generat un incendiu care a umplut spa\u021biul cu fum dens \u0219i gaze toxice. B\u0103rbatul ar fi fost surprins de fum, \u0219i-a pierdut cuno\u0219tin\u021ba \u0219i nu a mai putut ie\u0219i.<\/p>\n<p>Cum s-a produs tragedia<\/p>\n<p>&#8222;La data de 2 ianuarie 2026, \u00een jurul orei 18.00, poli\u0163i\u015ftii din cadrul Poli\u0163iei municipiului T\u00e2rgu Mure\u015f au fost sesiza\u0163i cu privire la faptul c\u0103, \u00eentr-o box\u0103 din interiorul unui pasaj situat \u00een centrul municipiului T\u00e2rgu Mure\u015f, a fost identificat\u0103 o persoan\u0103 decedat\u0103. \u00cen urma cercet\u0103rilor efectuate la fa\u0163a locului s-a stabilit c\u0103 un b\u0103rbat, de 47 de ani, din T\u00e2rgu Mure\u015f, ar fi aprins mai multe materiale textile, probabil cu scopul de a se \u00eenc\u0103lzi, produc\u00e2ndu-se un incendiu \u00een interiorul boxei. Acesta s-ar fi intoxicat ulterior cu fum \u015fi gaze rezultate din ardere, \u00eemprejurare \u00een care \u015fi-ar fi pierdut cuno\u015ftin\u0163a&#8221;, a informat, s\u00e2mb\u0103t\u0103, IPJ Mure\u015f.<\/p>\n<p>Incendiul a fost stins rapid, iar echipajele medicale au \u00eencercat s\u0103 \u00eel resusciteze pe b\u0103rbat, \u00eens\u0103 f\u0103r\u0103 succes, decesul fiind constatat la fa\u021ba locului. Poli\u021bi\u0219tii au deschis un dosar penal pentru ucidere din culp\u0103 \u0219i continu\u0103 cercet\u0103rile pentru a stabili cu exactitate modul \u00een care s-a produs tragedia \u0219i dac\u0103 au existat alte circumstan\u021be care au contribuit la deces.<\/p>","protected":false},"excerpt":{"rendered":"<p>Potrivit informa\u021biilor transmise de IPJ Mure\u0219, b\u0103rbatul ar fi \u00eencercat s\u0103 \u00ee\u0219i fac\u0103 c\u0103ldur\u0103 aprinz\u00e2nd&hellip;<\/p>\n","protected":false},"author":0,"featured_media":55664,"comment_status":"open","ping_status":"open","sticky":false,"template":"","format":"standard","meta":{"footnotes":""},"categories":[2],"tags":[],"class_list":["post-55663","post","type-post","status-publish","format-standard","has-post-thumbnail","hentry","category-actual"],"_links":{"self":[{"href":"https:\/\/247stiri.ro\/index.php\/wp-json\/wp\/v2\/posts\/55663","targetHints":{"allow":["GET"]}}],"collection":[{"href":"https:\/\/247stiri.ro\/index.php\/wp-json\/wp\/v2\/posts"}],"about":[{"href":"https:\/\/247stiri.ro\/index.php\/wp-json\/wp\/v2\/types\/post"}],"replies":[{"embeddable":true,"href":"https:\/\/247stiri.ro\/index.php\/wp-json\/wp\/v2\/comments?post=55663"}],"version-history":[{"count":0,"href":"https:\/\/247stiri.ro\/index.php\/wp-json\/wp\/v2\/posts\/55663\/revisions"}],"wp:featuredmedia":[{"embeddable":true,"href":"https:\/\/247stiri.ro\/index.php\/wp-json\/wp\/v2\/media\/55664"}],"wp:attachment":[{"href":"https:\/\/247stiri.ro\/index.php\/wp-json\/wp\/v2\/media?parent=55663"}],"wp:term":[{"taxonomy":"category","embeddable":true,"href":"https:\/\/247stiri.ro\/index.php\/wp-json\/wp\/v2\/categories?post=55663"},{"taxonomy":"post_tag","embeddable":true,"href":"https:\/\/247stiri.ro\/index.php\/wp-json\/wp\/v2\/tags?post=55663"}],"curies":[{"name":"wp","href":"https:\/\/api.w.org\/{rel}","templated":true}]}}