{"id":55673,"date":"2026-01-03T09:45:06","date_gmt":"2026-01-03T09:45:06","guid":{"rendered":"https:\/\/247stiri.ro\/index.php\/2026\/01\/03\/un-roman-in-continuare-disparut-dupa-tragedia-din-elvetia\/"},"modified":"2026-01-03T09:45:06","modified_gmt":"2026-01-03T09:45:06","slug":"un-roman-in-continuare-disparut-dupa-tragedia-din-elvetia","status":"publish","type":"post","link":"https:\/\/247stiri.ro\/index.php\/2026\/01\/03\/un-roman-in-continuare-disparut-dupa-tragedia-din-elvetia\/","title":{"rendered":"Un rom\u00e2n, \u00een continuare DISP\u0102RUT dup\u0103 tragedia din Elve\u021bia"},"content":{"rendered":"<p>Elve\u021bienii au cerut sprijinul altor state pentru a afla identitatea celor 10 persoane \u0219i exist\u0103 temeri c\u0103 printre acestea se num\u0103r\u0103 \u0219i cet\u0103\u021beanul rom\u00e2n dat disp\u0103rut.<\/p>\n<p>Prin<a href=\"https:\/\/www.realitatea.net\/stiri\/extern\/noi-date-despre-tragedia-din-elvetia-printre-victime-sar-putea-afla-si-un-roman-martor-la-eveniment-bilantul-real-ar-putea-fi-mult-mai-mare_6957709ece51ad3db4169ee2\" target=\"_blank\"> Mecanismul European de Protec\u021bie Civil\u0103<\/a>, din \u021bara noastr\u0103 a plecat un <a href=\"https:\/\/www.realitatea.net\/stiri\/actual\/un-avion-c27j-spartan-a-plecat-in-elvetia-pentru-a-transporta-sase-pacienti-cu-arsuri-la-un-spital-din-franta-anuntul-mapn_69580fca4dba984c22571a2b\" target=\"_blank\">avion Spartan al Ministerului Ap\u0103r\u0103rii,<\/a> preg\u0103tit s\u0103 transporte tineri cu arsuri grave. Multe dintre prevederile acestui Mecanism au fost implementate chiar dup\u0103 incendiul de la Colectiv, din 2015.<\/p>\n<p>Tragedia din Elve\u021bia seam\u0103n\u0103 izbitor cu cea din \u021bara noastr\u0103, mai ales c\u0103 focul s-a r\u0103sp\u00e2ndit imediat \u00een club tot din cauza unor bure\u021bi fonoabsorban\u021bi. \u00cen presa interna\u021bional\u0103 s-au publicat deja mai multe articole care fac compara\u021bii cu incendiul de la Colectiv.\u00a0<\/p>","protected":false},"excerpt":{"rendered":"<p>Elve\u021bienii au cerut sprijinul altor state pentru a afla identitatea celor 10 persoane \u0219i exist\u0103&hellip;<\/p>\n","protected":false},"author":0,"featured_media":55674,"comment_status":"open","ping_status":"open","sticky":false,"template":"","format":"standard","meta":{"footnotes":""},"categories":[4],"tags":[],"class_list":["post-55673","post","type-post","status-publish","format-standard","has-post-thumbnail","hentry","category-extern"],"_links":{"self":[{"href":"https:\/\/247stiri.ro\/index.php\/wp-json\/wp\/v2\/posts\/55673","targetHints":{"allow":["GET"]}}],"collection":[{"href":"https:\/\/247stiri.ro\/index.php\/wp-json\/wp\/v2\/posts"}],"about":[{"href":"https:\/\/247stiri.ro\/index.php\/wp-json\/wp\/v2\/types\/post"}],"replies":[{"embeddable":true,"href":"https:\/\/247stiri.ro\/index.php\/wp-json\/wp\/v2\/comments?post=55673"}],"version-history":[{"count":0,"href":"https:\/\/247stiri.ro\/index.php\/wp-json\/wp\/v2\/posts\/55673\/revisions"}],"wp:featuredmedia":[{"embeddable":true,"href":"https:\/\/247stiri.ro\/index.php\/wp-json\/wp\/v2\/media\/55674"}],"wp:attachment":[{"href":"https:\/\/247stiri.ro\/index.php\/wp-json\/wp\/v2\/media?parent=55673"}],"wp:term":[{"taxonomy":"category","embeddable":true,"href":"https:\/\/247stiri.ro\/index.php\/wp-json\/wp\/v2\/categories?post=55673"},{"taxonomy":"post_tag","embeddable":true,"href":"https:\/\/247stiri.ro\/index.php\/wp-json\/wp\/v2\/tags?post=55673"}],"curies":[{"name":"wp","href":"https:\/\/api.w.org\/{rel}","templated":true}]}}