{"id":55675,"date":"2026-01-03T09:45:08","date_gmt":"2026-01-03T09:45:08","guid":{"rendered":"https:\/\/247stiri.ro\/index.php\/2026\/01\/03\/criza-majora-pentru-pensionari-pensii-blocate-bani-intarziati-dupa-sarbatorile-scumpe-cum-se-vor-descurca-oamenii\/"},"modified":"2026-01-03T09:45:08","modified_gmt":"2026-01-03T09:45:08","slug":"criza-majora-pentru-pensionari-pensii-blocate-bani-intarziati-dupa-sarbatorile-scumpe-cum-se-vor-descurca-oamenii","status":"publish","type":"post","link":"https:\/\/247stiri.ro\/index.php\/2026\/01\/03\/criza-majora-pentru-pensionari-pensii-blocate-bani-intarziati-dupa-sarbatorile-scumpe-cum-se-vor-descurca-oamenii\/","title":{"rendered":"Criz\u0103 major\u0103 pentru pensionari: pensii blocate, bani \u00eent\u00e2rzia\u021bi dup\u0103 S\u0103rb\u0103torile scumpe. Cum se vor descurca oamenii"},"content":{"rendered":"<p>Pensiile vor ajunge \u00een aceast\u0103 lun\u0103 cu cel pu\u021bin o s\u0103pt\u0103m\u00e2n\u0103 \u00eent\u00e2rziere \u0219i asta pentru c\u0103 avem parte de multe zile libere legale. \u00cen teorie, luni, po\u0219ta\u0219ii ar trebui s\u0103 mearg\u0103 pe teren pentru a distribui veniturile, \u00eens\u0103 dup\u0103 urmeaz\u0103 \u00eenc\u0103 dou\u0103 zile libere, pentru c\u0103 avem parte de alte dou\u0103 s\u0103rb\u0103tori, ceea ce \u00eenseamn\u0103 c\u0103 se va relua aceast\u0103 distribu\u021bie abia \u00een data de 8 ianuarie.<\/p>\n<p>\u00cen aceast\u0103 lun\u0103 ne vom \u00eentinde cu aceast\u0103 plat\u0103 a pensiilor p\u00e2n\u0103 pe data de 16 ianuarie, spun speciali\u0219tii. Ar putea fi afectat inclusiv programul b\u0103ncilor, pentru c\u0103 \u0219tim, jum\u0103tate dintre rom\u00e2ni primesc plata pensiilor pe card.<\/p>\n<p>Acest lucru vine \u00een condi\u021biile \u00een care cel pu\u021bin pensionarii cu venituri mici au r\u0103mas deja f\u0103r\u0103 bani dup\u0103 S\u0103rb\u0103torile de iarn\u0103 \u0219i indexarea nu se aplic\u0103 \u00een aceast\u0103 lun\u0103. Pensiile vor r\u0103m\u00e2ne \u00eenghe\u021bate cel pu\u021bin doi ani \u0219i vom vedea dac\u0103 vor fi acordate ajutoare sau nu pentru cei cu venituri mici.<\/p>\n<p>Pe de alt\u0103 parte, mica recalculare este a\u0219teptat\u0103 \u00een continuare. Sunt aproximativ 70.000 de dosare, potrivit surselor Realitatea PLUS, \u00een lucru \u00een aceste momente \u0219i oamenii \u00eenc\u0103 a\u0219teapt\u0103 banii. Deciziile au ajuns la o parte dintre ei, dar sumele \u00eenc\u0103 sunt a\u0219teptate de pensionari.<\/p>","protected":false},"excerpt":{"rendered":"<p>Pensiile vor ajunge \u00een aceast\u0103 lun\u0103 cu cel pu\u021bin o s\u0103pt\u0103m\u00e2n\u0103 \u00eent\u00e2rziere \u0219i asta pentru&hellip;<\/p>\n","protected":false},"author":0,"featured_media":55676,"comment_status":"open","ping_status":"open","sticky":false,"template":"","format":"standard","meta":{"footnotes":""},"categories":[2],"tags":[],"class_list":["post-55675","post","type-post","status-publish","format-standard","has-post-thumbnail","hentry","category-actual"],"_links":{"self":[{"href":"https:\/\/247stiri.ro\/index.php\/wp-json\/wp\/v2\/posts\/55675","targetHints":{"allow":["GET"]}}],"collection":[{"href":"https:\/\/247stiri.ro\/index.php\/wp-json\/wp\/v2\/posts"}],"about":[{"href":"https:\/\/247stiri.ro\/index.php\/wp-json\/wp\/v2\/types\/post"}],"replies":[{"embeddable":true,"href":"https:\/\/247stiri.ro\/index.php\/wp-json\/wp\/v2\/comments?post=55675"}],"version-history":[{"count":0,"href":"https:\/\/247stiri.ro\/index.php\/wp-json\/wp\/v2\/posts\/55675\/revisions"}],"wp:featuredmedia":[{"embeddable":true,"href":"https:\/\/247stiri.ro\/index.php\/wp-json\/wp\/v2\/media\/55676"}],"wp:attachment":[{"href":"https:\/\/247stiri.ro\/index.php\/wp-json\/wp\/v2\/media?parent=55675"}],"wp:term":[{"taxonomy":"category","embeddable":true,"href":"https:\/\/247stiri.ro\/index.php\/wp-json\/wp\/v2\/categories?post=55675"},{"taxonomy":"post_tag","embeddable":true,"href":"https:\/\/247stiri.ro\/index.php\/wp-json\/wp\/v2\/tags?post=55675"}],"curies":[{"name":"wp","href":"https:\/\/api.w.org\/{rel}","templated":true}]}}