{"id":55687,"date":"2026-01-03T11:45:18","date_gmt":"2026-01-03T11:45:18","guid":{"rendered":"https:\/\/247stiri.ro\/index.php\/2026\/01\/03\/au-fost-identificate-primele-victime-ale-incendiului-din-barul-groazei-din-elvetia-aveau-doar-16-ani\/"},"modified":"2026-01-03T11:45:18","modified_gmt":"2026-01-03T11:45:18","slug":"au-fost-identificate-primele-victime-ale-incendiului-din-barul-groazei-din-elvetia-aveau-doar-16-ani","status":"publish","type":"post","link":"https:\/\/247stiri.ro\/index.php\/2026\/01\/03\/au-fost-identificate-primele-victime-ale-incendiului-din-barul-groazei-din-elvetia-aveau-doar-16-ani\/","title":{"rendered":"Au fost identificate primele victime ale incendiului din barul groazei din Elve\u021bia: aveau doar 16 ani"},"content":{"rendered":"<p>Printre cei care \u0219i-au pierdut via\u021ba se num\u0103r\u0103 dou\u0103 tinere, de 16 \u0219i 21 de ani, \u0219i doi tineri, de 16 \u0219i 18 ani, potrivit <a href=\"https:\/\/www.dailymail.co.uk\/news\/article-15430951\/victims-Swiss-bar-fire-identified-women-men.html?ito=push-notification&amp;ci=CFjPga6pjv&amp;cri=NrSnCYzuf7&amp;si=-_YXO_8vEHSE&amp;xi=3026cf56-a60f-4420-a99c-d2ec656e3454&amp;ai=15430951\" target=\"_blank\">Daily Mail.<\/a> Incendiul a izbucnit \u00een primele ore ale zilei de joi \u0219i s-a soldat cu un bilan\u021b tragic: cel pu\u021bin 40 de mor\u021bi \u0219i 119 r\u0103ni\u021bi, mul\u021bi dintre ei \u00een stare grav\u0103.<\/p>\n<p>Au fost identificate primele patru victime ale incendiului devastator din Elve\u021bia<\/p>\n<p>Primele indicii arat\u0103 c\u0103 focul ar fi pornit de la artificii de tip sparklers, folosite \u00een interior, care ar fi atins tavanul localului extrem de aglomerat. Deocamdat\u0103, autorit\u0103\u021bile nu au f\u0103cut publice numele victimelor, \u00eens\u0103 au precizat c\u0103 trupurile ne\u00eensufle\u021bite au fost deja predate familiilor pentru procedurile funerare.<\/p>","protected":false},"excerpt":{"rendered":"<p>Printre cei care \u0219i-au pierdut via\u021ba se num\u0103r\u0103 dou\u0103 tinere, de 16 \u0219i 21 de&hellip;<\/p>\n","protected":false},"author":0,"featured_media":55688,"comment_status":"open","ping_status":"open","sticky":false,"template":"","format":"standard","meta":{"footnotes":""},"categories":[4],"tags":[],"class_list":["post-55687","post","type-post","status-publish","format-standard","has-post-thumbnail","hentry","category-extern"],"_links":{"self":[{"href":"https:\/\/247stiri.ro\/index.php\/wp-json\/wp\/v2\/posts\/55687","targetHints":{"allow":["GET"]}}],"collection":[{"href":"https:\/\/247stiri.ro\/index.php\/wp-json\/wp\/v2\/posts"}],"about":[{"href":"https:\/\/247stiri.ro\/index.php\/wp-json\/wp\/v2\/types\/post"}],"replies":[{"embeddable":true,"href":"https:\/\/247stiri.ro\/index.php\/wp-json\/wp\/v2\/comments?post=55687"}],"version-history":[{"count":0,"href":"https:\/\/247stiri.ro\/index.php\/wp-json\/wp\/v2\/posts\/55687\/revisions"}],"wp:featuredmedia":[{"embeddable":true,"href":"https:\/\/247stiri.ro\/index.php\/wp-json\/wp\/v2\/media\/55688"}],"wp:attachment":[{"href":"https:\/\/247stiri.ro\/index.php\/wp-json\/wp\/v2\/media?parent=55687"}],"wp:term":[{"taxonomy":"category","embeddable":true,"href":"https:\/\/247stiri.ro\/index.php\/wp-json\/wp\/v2\/categories?post=55687"},{"taxonomy":"post_tag","embeddable":true,"href":"https:\/\/247stiri.ro\/index.php\/wp-json\/wp\/v2\/tags?post=55687"}],"curies":[{"name":"wp","href":"https:\/\/api.w.org\/{rel}","templated":true}]}}