{"id":55689,"date":"2026-01-03T11:45:20","date_gmt":"2026-01-03T11:45:20","guid":{"rendered":"https:\/\/247stiri.ro\/index.php\/2026\/01\/03\/ninel-peia-secretarul-stie-primarul-tace-guvernul-rade-iar-romanul-plateste\/"},"modified":"2026-01-03T11:45:20","modified_gmt":"2026-01-03T11:45:20","slug":"ninel-peia-secretarul-stie-primarul-tace-guvernul-rade-iar-romanul-plateste","status":"publish","type":"post","link":"https:\/\/247stiri.ro\/index.php\/2026\/01\/03\/ninel-peia-secretarul-stie-primarul-tace-guvernul-rade-iar-romanul-plateste\/","title":{"rendered":"Ninel Peia: Secretarul \u0219tie, primarul tace, Guvernul r\u00e2de, iar rom\u00e2nul pl\u0103te\u0219te!"},"content":{"rendered":"<p>Ce nu \u0219tie publicul larg, dar ar fi trebuit s\u0103 \u0219tie fiecare primar, este c\u0103 legea nu i-a legat la m\u00e2ini. Dimpotriv\u0103, le-a pus pixul \u00een m\u00e2n\u0103. OUG 78\/2025 prevedea expres un mecanism prin care consiliile locale puteau decide reduceri sau scutiri la impozitele \u0219i taxele locale. Nu la infinit, nu oric\u00e2nd, ci p\u00e2n\u0103 la 31 decembrie 2025 pentru anul 2026. Aceasta a fost porti\u021ba, legal\u0103, curat\u0103, constitu\u021bional\u0103, o hot\u0103r\u00e2re de consiliu local, at\u00e2t, nu revolu\u021bie, nu r\u0103zboi cu Guvernul, nu declara\u021bii patriotarde. O \u0219edin\u021b\u0103, un vot, un act administrativ.<\/p>\n<p>\u0218i ce-au f\u0103cut mul\u021bi edili? Au stat cu ochii pe Guvern, ca la prognoza meteo, au a\u0219teptat, au sperat c\u0103 poate nu plou\u0103. A plouat. Ast\u0103zi, aceia\u0219i primari sunt \u0219oca\u021bi c\u0103 taxele au explodat. Unii apar prin studiouri, al\u021bii prin comunicate. To\u021bi spun acela\u0219i lucru, \u201enu mai avem ce face\u201d. Ba da, a\u021bi avut! Decembrie nu este doar luna colindelor, este luna deciziilor administrative. Cine a ratat-o, a ales s\u0103 nu decid\u0103. \u0218i \u00een politic\u0103, lipsa deciziei este tot o decizie.<\/p>\n<p>Guvernul? A f\u0103cut ce \u0219tie mai bine, a mutat povara \u00een teritoriu, a centralizat decizia \u0219i a descentralizat nervii, a legiferat rapid \u0219i a plecat mai departe. Noutatea nu e legea, noutatea e t\u0103cerea sincronizat\u0103 a primarilor. C\u00e2nd Guvernul trage, administra\u021bia local\u0103 trebuia s\u0103 se opun\u0103. Dar e greu s\u0103 cite\u0219ti codul fiscal c\u00e2nd e mai comod s\u0103 a\u0219tep\u021bi indica\u021bii.<\/p>\n<p>Acum, pentru cei care \u00eenc\u0103 mai vor un mandat, exist\u0103 via\u021b\u0103 \u0219i dup\u0103 decembrie. Dar nu f\u0103r\u0103 inteligen\u021b\u0103 administrativ\u0103. Exist\u0103 legi care permit compensarea impactului fiscal, exist\u0103 mecanisme sociale, exist\u0103 calcule simple pe care orice prim\u0103rie le poate face \u00eentr-o zi. Diferen\u021ba este \u00eentre primarul care spune \u201enu se poate\u201d \u0219i primarul care spune \u201euite cum se face\u201d. Primul pierde alegerile. Al doilea le c\u00e2\u0219tig\u0103 f\u0103r\u0103 afi\u0219e.<\/p>\n<p>Aici vine partea pe care n-o spune nimeni tare, dar care exist\u0103 perfect legal, prim\u0103riile pot compensa cre\u0219terea taxelor, f\u0103r\u0103 s\u0103 \u00eencalce nicio lege sau ordonan\u021b\u0103, prin politici sociale locale. Cum? Prin Legea nr. 196\/2016 privind venitul minim de incluziune. Legea permite autorit\u0103\u021bilor locale s\u0103 acorde sprijin financiar persoanelor \u0219i familiilor vulnerabile, s\u0103 stabileasc\u0103 cuantumuri \u0219i forme de sprijin \u00een completare, s\u0103 acopere costuri generate de politici publice care afecteaz\u0103 traiul.<\/p>\n<p>Tradus pe rom\u00e2ne\u0219te, f\u0103r\u0103 limbaj de lemn, consiliul local poate decide ca persoanele \u0219i familiile eligibile pentru venitul minim de incluziune s\u0103 primeasc\u0103 un sprijin echivalent cu majorarea taxei pe proprietate. Nu cadou, nu poman\u0103, compensare.<\/p>\n<p>Solu\u021bia este simpl\u0103, \u00een trei pa\u0219i (ca s\u0103 nu spun\u0103 nimeni c\u0103 e complicat):<\/p>\n<p>Prim\u0103ria calculeaz\u0103 c\u00e2t a crescut, \u00een medie, impozitul pe locuin\u021b\u0103.Identific\u0103 beneficiarii de venit minim de incluziune (datele exist\u0103 deja).Acord\u0103 un sprijin financiar local, anual sau frac\u021bionat, \u00een cuantum egal cu cre\u0219terea taxei.<\/p>\n<p>Rezultatul? Cet\u0103\u021beanul vulnerabil nu simte povara, primarul respect\u0103 legea, guvernul r\u0103m\u00e2ne cu ordonan\u021ba \u0219i administra\u021bia local\u0103 r\u0103m\u00e2ne cu oamenii. Cine spune c\u0103 nu se poate minte sau nu \u0219tie. Peste 50% din popula\u021bie se \u00eencadreaz\u0103, direct sau indirect, \u00een forme de sprijin social sau venituri mici. Acolo e miza electoral\u0103. Acolo e responsabilitatea. Un primar care spune \u201enu avem p\u00e2rghii\u201d este un primar care n-a citit legea. Un consiliu local care spune \u201ea\u0219a a decis Guvernul\u201d este un consiliu care a renun\u021bat la rolul lui.<\/p>\n<p>Electoratul nu uit\u0103 facturile, nu iart\u0103 scuzele \u0219i nu voteaz\u0103 explica\u021bii. Decembrie 2025 a fost primul test. Unii l-au picat, al\u021bii nici n-au intrat \u00een sal\u0103. Rom\u00e2nii nu cer minuni, cer s\u0103 nu fie lua\u021bi de pro\u0219ti. Cine \u0219tie legea \u0219i o folose\u0219te pentru oameni va fi reales. Cine se ascunde dup\u0103 ordonan\u021be va fi schimbat.<\/p>\n<p>La urm\u0103toarele alegeri, \u00eentrebarea nu va fi \u201eCe a f\u0103cut Guvernul?\u201d, ci \u201eCe ai f\u0103cut tu, domnule primar, c\u00e2nd oamenii t\u0103i n-au mai putut pl\u0103ti?\u201d. La urm\u0103toarele alegeri, nu va mai conta ce a f\u0103cut Guvernul. Va conta un singur lucru, unde a fost primarul c\u00e2nd legea \u00eei d\u0103dea voie s\u0103-\u0219i apere oamenii.<\/p>\n<p>Ninel PEIA<\/p>\n<p>Senator al Rom\u00e2niei<\/p>\n<p>Chestor al Senatului<\/p>","protected":false},"excerpt":{"rendered":"<p>Ce nu \u0219tie publicul larg, dar ar fi trebuit s\u0103 \u0219tie fiecare primar, este c\u0103&hellip;<\/p>\n","protected":false},"author":0,"featured_media":55690,"comment_status":"open","ping_status":"open","sticky":false,"template":"","format":"standard","meta":{"footnotes":""},"categories":[3],"tags":[],"class_list":["post-55689","post","type-post","status-publish","format-standard","has-post-thumbnail","hentry","category-politica"],"_links":{"self":[{"href":"https:\/\/247stiri.ro\/index.php\/wp-json\/wp\/v2\/posts\/55689","targetHints":{"allow":["GET"]}}],"collection":[{"href":"https:\/\/247stiri.ro\/index.php\/wp-json\/wp\/v2\/posts"}],"about":[{"href":"https:\/\/247stiri.ro\/index.php\/wp-json\/wp\/v2\/types\/post"}],"replies":[{"embeddable":true,"href":"https:\/\/247stiri.ro\/index.php\/wp-json\/wp\/v2\/comments?post=55689"}],"version-history":[{"count":0,"href":"https:\/\/247stiri.ro\/index.php\/wp-json\/wp\/v2\/posts\/55689\/revisions"}],"wp:featuredmedia":[{"embeddable":true,"href":"https:\/\/247stiri.ro\/index.php\/wp-json\/wp\/v2\/media\/55690"}],"wp:attachment":[{"href":"https:\/\/247stiri.ro\/index.php\/wp-json\/wp\/v2\/media?parent=55689"}],"wp:term":[{"taxonomy":"category","embeddable":true,"href":"https:\/\/247stiri.ro\/index.php\/wp-json\/wp\/v2\/categories?post=55689"},{"taxonomy":"post_tag","embeddable":true,"href":"https:\/\/247stiri.ro\/index.php\/wp-json\/wp\/v2\/tags?post=55689"}],"curies":[{"name":"wp","href":"https:\/\/api.w.org\/{rel}","templated":true}]}}