{"id":55695,"date":"2026-01-03T11:45:23","date_gmt":"2026-01-03T11:45:23","guid":{"rendered":"https:\/\/247stiri.ro\/index.php\/2026\/01\/03\/violenta-extrema-la-cluj-adolescent-de-15-ani-batut-in-plina-strada-in-timp-ce-astepta-taxiul-are-nevoie-de-doua-operatii-pentru-a-se-recupera\/"},"modified":"2026-01-03T11:45:23","modified_gmt":"2026-01-03T11:45:23","slug":"violenta-extrema-la-cluj-adolescent-de-15-ani-batut-in-plina-strada-in-timp-ce-astepta-taxiul-are-nevoie-de-doua-operatii-pentru-a-se-recupera","status":"publish","type":"post","link":"https:\/\/247stiri.ro\/index.php\/2026\/01\/03\/violenta-extrema-la-cluj-adolescent-de-15-ani-batut-in-plina-strada-in-timp-ce-astepta-taxiul-are-nevoie-de-doua-operatii-pentru-a-se-recupera\/","title":{"rendered":"Violen\u021b\u0103 extrem\u0103 la Cluj! Adolescent de 15 ani, b\u0103tut \u00een plin\u0103 strad\u0103, \u00een timp ce a\u0219tepta taxiul: are nevoie de dou\u0103 opera\u021bii pentru a se recupera"},"content":{"rendered":"<p>Incidentul extrem de grav a avut loc \u00een Cluj Napoca, \u00een plin\u0103 strad\u0103, \u00een timp ce b\u0103iatul a\u0219tepta un taxi. Mama acestuia poveste\u0219te c\u0103 individul care l-a atacat nici m\u0103car nu l-ar fi cunoscut pe fiul s\u0103u. B\u0103iatul este acum internat \u00een spital, iar s\u0103pt\u0103m\u00e2na viitoare urmeaz\u0103 s\u0103 fie operat. T\u00e2n\u0103rul are fracturi multiple de craniu.<\/p>\n<p>\u201e\u00cen noaptea de 1 ianuarie, dup\u0103 Revelion, b\u0103iatul meu a ie\u0219it dup\u0103 petrecere, unde a fost \u00eempreun\u0103 cu mai mul\u021bi prieteni, \u0219i, a\u0219tept\u00e2nd taxiul, a venit cineva. A observat cu coada ochiului c\u0103 se apropie c\u00e2teva persoane. Pe unul l-a recunoscut. Se a\u0219tepta s\u0103-l felicite de Anul Nou, dar a \u00eencasat doi pumni, posibil \u0219i cu un obiect contondent. A avut hemoragie nazal\u0103, care nu s-a oprit timp de 30 de minute. Tat\u0103l lui l-a dus la Urgen\u021b\u0103\u201d, a povestit mama b\u0103iatului agresat.<\/p>\n<p>\u00centre timp, p\u0103rin\u021bii b\u0103iatului sus\u021bin c\u0103 au depus \u0219i o pl\u00e2ngere la poli\u021bie. Mama copilului solicit\u0103 \u00eens\u0103 interven\u021bia prompt\u0103 a autorit\u0103\u021bilor. Aceasta sus\u021bine c\u0103 de\u0219i agresorul ar fi fost identificat, p\u00e2n\u0103 acum nu s-ar fi luat nicio m\u0103sur\u0103 fa\u021b\u0103 de acesta.<\/p>","protected":false},"excerpt":{"rendered":"<p>Incidentul extrem de grav a avut loc \u00een Cluj Napoca, \u00een plin\u0103 strad\u0103, \u00een timp&hellip;<\/p>\n","protected":false},"author":0,"featured_media":55696,"comment_status":"open","ping_status":"open","sticky":false,"template":"","format":"standard","meta":{"footnotes":""},"categories":[2],"tags":[],"class_list":["post-55695","post","type-post","status-publish","format-standard","has-post-thumbnail","hentry","category-actual"],"_links":{"self":[{"href":"https:\/\/247stiri.ro\/index.php\/wp-json\/wp\/v2\/posts\/55695","targetHints":{"allow":["GET"]}}],"collection":[{"href":"https:\/\/247stiri.ro\/index.php\/wp-json\/wp\/v2\/posts"}],"about":[{"href":"https:\/\/247stiri.ro\/index.php\/wp-json\/wp\/v2\/types\/post"}],"replies":[{"embeddable":true,"href":"https:\/\/247stiri.ro\/index.php\/wp-json\/wp\/v2\/comments?post=55695"}],"version-history":[{"count":0,"href":"https:\/\/247stiri.ro\/index.php\/wp-json\/wp\/v2\/posts\/55695\/revisions"}],"wp:featuredmedia":[{"embeddable":true,"href":"https:\/\/247stiri.ro\/index.php\/wp-json\/wp\/v2\/media\/55696"}],"wp:attachment":[{"href":"https:\/\/247stiri.ro\/index.php\/wp-json\/wp\/v2\/media?parent=55695"}],"wp:term":[{"taxonomy":"category","embeddable":true,"href":"https:\/\/247stiri.ro\/index.php\/wp-json\/wp\/v2\/categories?post=55695"},{"taxonomy":"post_tag","embeddable":true,"href":"https:\/\/247stiri.ro\/index.php\/wp-json\/wp\/v2\/tags?post=55695"}],"curies":[{"name":"wp","href":"https:\/\/api.w.org\/{rel}","templated":true}]}}