{"id":55701,"date":"2026-01-03T12:45:16","date_gmt":"2026-01-03T12:45:16","guid":{"rendered":"https:\/\/247stiri.ro\/index.php\/2026\/01\/03\/usr-presiuni-fara-precedent-pe-magistrati-inainte-de-decizia-ccr-din-16-ainuarie\/"},"modified":"2026-01-03T12:45:16","modified_gmt":"2026-01-03T12:45:16","slug":"usr-presiuni-fara-precedent-pe-magistrati-inainte-de-decizia-ccr-din-16-ainuarie","status":"publish","type":"post","link":"https:\/\/247stiri.ro\/index.php\/2026\/01\/03\/usr-presiuni-fara-precedent-pe-magistrati-inainte-de-decizia-ccr-din-16-ainuarie\/","title":{"rendered":"USR, presiuni f\u0103r\u0103 precedent pe magistra\u021bi \u00eenainte de decizia CCr din 16 ainuarie"},"content":{"rendered":"<p>Am v\u0103zut \u00een ultimele zile mai multe atacuri venite din partea celor din USR la adresa judec\u0103torilor de la Curtea Constitu\u021bional\u0103 \u0219i, \u00een special, la adresa celor patru judec\u0103tori care au p\u0103r\u0103sit sala de \u0219edin\u021b\u0103, ceea ce a dus la am\u00e2narea deciziei.<\/p>\n<p>Cel mai recent, am v\u0103zut un atac din partea deputatului Emanuel Ungureanu, care cerea ca judec\u0103torii s\u0103 r\u0103spund\u0103 penal pentru acest lucru, spun\u00e2nd c\u0103 ar fi vorba despre o sfidare, dar \u0219i de un abuz de putere.<\/p>\n<p>A existat, de asemenea, \u0219i de un atac venit din partea unui alt deputat al USR, Alexandru Dimitriu, care cerea ca judec\u0103torii s\u0103 fie revoca\u021bi pe motiv c\u0103 \u0219i-au \u00eenc\u0103lcat obliga\u021biile de serviciu \u00een momentul \u00een care au boicotat acea \u0219edin\u021b\u0103.<\/p>\n<p>Aceste atacuri vin \u00eens\u0103 \u00een contextul \u00een care, pe data de 16 ianuarie, judec\u0103torii se reunesc din nou \u00een \u00eencercarea de a lua o decizie final\u0103 pe reforma pensiilor speciale &#8211; o decizie de care ar putea s\u0103 depind\u0103 inclusiv mandatul de premier al lui Ilie Bolojan, care a spus \u00een repetate r\u00e2nduri c\u0103 \u0219i-ar putea da demisia dac\u0103 nu reu\u0219e\u0219te s\u0103 fac\u0103 acele reforme pe care \u0219i le dore\u0219te.\u00a0<\/p>","protected":false},"excerpt":{"rendered":"<p>Am v\u0103zut \u00een ultimele zile mai multe atacuri venite din partea celor din USR la&hellip;<\/p>\n","protected":false},"author":0,"featured_media":55700,"comment_status":"open","ping_status":"open","sticky":false,"template":"","format":"standard","meta":{"footnotes":""},"categories":[2],"tags":[],"class_list":["post-55701","post","type-post","status-publish","format-standard","has-post-thumbnail","hentry","category-actual"],"_links":{"self":[{"href":"https:\/\/247stiri.ro\/index.php\/wp-json\/wp\/v2\/posts\/55701","targetHints":{"allow":["GET"]}}],"collection":[{"href":"https:\/\/247stiri.ro\/index.php\/wp-json\/wp\/v2\/posts"}],"about":[{"href":"https:\/\/247stiri.ro\/index.php\/wp-json\/wp\/v2\/types\/post"}],"replies":[{"embeddable":true,"href":"https:\/\/247stiri.ro\/index.php\/wp-json\/wp\/v2\/comments?post=55701"}],"version-history":[{"count":0,"href":"https:\/\/247stiri.ro\/index.php\/wp-json\/wp\/v2\/posts\/55701\/revisions"}],"wp:featuredmedia":[{"embeddable":true,"href":"https:\/\/247stiri.ro\/index.php\/wp-json\/wp\/v2\/media\/55700"}],"wp:attachment":[{"href":"https:\/\/247stiri.ro\/index.php\/wp-json\/wp\/v2\/media?parent=55701"}],"wp:term":[{"taxonomy":"category","embeddable":true,"href":"https:\/\/247stiri.ro\/index.php\/wp-json\/wp\/v2\/categories?post=55701"},{"taxonomy":"post_tag","embeddable":true,"href":"https:\/\/247stiri.ro\/index.php\/wp-json\/wp\/v2\/tags?post=55701"}],"curies":[{"name":"wp","href":"https:\/\/api.w.org\/{rel}","templated":true}]}}