{"id":55706,"date":"2026-01-03T13:45:28","date_gmt":"2026-01-03T13:45:28","guid":{"rendered":"https:\/\/247stiri.ro\/index.php\/2026\/01\/03\/imagini-inedite-din-inima-capitalei-trei-vulpi-vizitatori-nocturni-la-muzeul-antipa-cum-explica-specialistii-situatia-video\/"},"modified":"2026-01-03T13:45:28","modified_gmt":"2026-01-03T13:45:28","slug":"imagini-inedite-din-inima-capitalei-trei-vulpi-vizitatori-nocturni-la-muzeul-antipa-cum-explica-specialistii-situatia-video","status":"publish","type":"post","link":"https:\/\/247stiri.ro\/index.php\/2026\/01\/03\/imagini-inedite-din-inima-capitalei-trei-vulpi-vizitatori-nocturni-la-muzeul-antipa-cum-explica-specialistii-situatia-video\/","title":{"rendered":"Imagini inedite din inima Capitalei: trei vulpi, \u201evizitatori\u201d nocturni la Muzeul Antipa. Cum explic\u0103 speciali\u0219tii situa\u021bia VIDEO"},"content":{"rendered":"<p>\u201d\u00cen aceast\u0103 diminea\u0163\u0103, camerele de supraveghere ale Muzeului Na\u0163ional de Istorie Natural\u0103 \u00abGrigore Antipa\u00bb au surprins prezen\u0163a a trei vulpi \u00een zona exterioar\u0103 a muzeului, situat \u00een centrul Bucure\u015ftiului\u201d, anun\u0163\u0103, s\u00e2mb\u0103t\u0103, reprezentanm\u0163ii muzeului.<\/p>\n<p>Potrivit acestora, apari\u0163ia vulpilor \u00een mediul urban nu reprezint\u0103 un fenomen izolat.<\/p>\n<p>\u00cen marile ora\u015fe europene, vulpea este una dintre speciile s\u0103lbatice cu cea mai mare capacitate de adaptare, fiind atras\u0103 de resursele alimentare disponibile, de spa\u0163iile verzi \u015fi de coridoarele ecologice urbane.<\/p>\n<p>\u201dPrezen\u0163a acestor animale este un semnal clar c\u0103 fauna s\u0103lbatic\u0103 se adapteaz\u0103 la transform\u0103rile mediului create de om. Este un subiect de ecologie urban\u0103 care poate fi explicat \u015fi \u00een\u0163eles, f\u0103r\u0103 s\u0103-l privim cu team\u0103&#8221;, a declarat dr. Luis Popa, directorul Muzeului Antipa.<\/p>\n<p>Reprezentan\u0163ii muzeului precizeaz\u0103 c\u0103 pe durata evenimentului nu a existat nicio interac\u0163iune \u00eentre animale \u015fi public, iar situa\u0163ia nu a implicat riscuri pentru vizitatori sau personal.<\/p>\n<p>Speciali\u015ftii unit\u0103\u0163ii monitorizeaz\u0103 fenomenul \u015fi \u00eel trateaz\u0103 ca pe o oportunitate de educa\u0163ie \u015ftiin\u0163ific\u0103 privind biodiversitatea urban\u0103.<\/p>","protected":false},"excerpt":{"rendered":"<p>\u201d\u00cen aceast\u0103 diminea\u0163\u0103, camerele de supraveghere ale Muzeului Na\u0163ional de Istorie Natural\u0103 \u00abGrigore Antipa\u00bb au&hellip;<\/p>\n","protected":false},"author":0,"featured_media":55707,"comment_status":"open","ping_status":"open","sticky":false,"template":"","format":"standard","meta":{"footnotes":""},"categories":[2],"tags":[],"class_list":["post-55706","post","type-post","status-publish","format-standard","has-post-thumbnail","hentry","category-actual"],"_links":{"self":[{"href":"https:\/\/247stiri.ro\/index.php\/wp-json\/wp\/v2\/posts\/55706","targetHints":{"allow":["GET"]}}],"collection":[{"href":"https:\/\/247stiri.ro\/index.php\/wp-json\/wp\/v2\/posts"}],"about":[{"href":"https:\/\/247stiri.ro\/index.php\/wp-json\/wp\/v2\/types\/post"}],"replies":[{"embeddable":true,"href":"https:\/\/247stiri.ro\/index.php\/wp-json\/wp\/v2\/comments?post=55706"}],"version-history":[{"count":0,"href":"https:\/\/247stiri.ro\/index.php\/wp-json\/wp\/v2\/posts\/55706\/revisions"}],"wp:featuredmedia":[{"embeddable":true,"href":"https:\/\/247stiri.ro\/index.php\/wp-json\/wp\/v2\/media\/55707"}],"wp:attachment":[{"href":"https:\/\/247stiri.ro\/index.php\/wp-json\/wp\/v2\/media?parent=55706"}],"wp:term":[{"taxonomy":"category","embeddable":true,"href":"https:\/\/247stiri.ro\/index.php\/wp-json\/wp\/v2\/categories?post=55706"},{"taxonomy":"post_tag","embeddable":true,"href":"https:\/\/247stiri.ro\/index.php\/wp-json\/wp\/v2\/tags?post=55706"}],"curies":[{"name":"wp","href":"https:\/\/api.w.org\/{rel}","templated":true}]}}