{"id":55720,"date":"2026-01-03T14:45:12","date_gmt":"2026-01-03T14:45:12","guid":{"rendered":"https:\/\/247stiri.ro\/index.php\/2026\/01\/03\/tatal-unui-tanar-mort-in-incendiul-din-colectiv-despre-tragedia-din-elvetia-ei-n-au-avut-orgolii-au-cerut-ajutor-imediat\/"},"modified":"2026-01-03T14:45:12","modified_gmt":"2026-01-03T14:45:12","slug":"tatal-unui-tanar-mort-in-incendiul-din-colectiv-despre-tragedia-din-elvetia-ei-n-au-avut-orgolii-au-cerut-ajutor-imediat","status":"publish","type":"post","link":"https:\/\/247stiri.ro\/index.php\/2026\/01\/03\/tatal-unui-tanar-mort-in-incendiul-din-colectiv-despre-tragedia-din-elvetia-ei-n-au-avut-orgolii-au-cerut-ajutor-imediat\/","title":{"rendered":"Tat\u0103l unui t\u00e2n\u0103r mort \u00een incendiul din Colectiv, despre tragedia din Elve\u021bia: \u201eEi n-au avut orgolii, au cerut ajutor imediat\u201d"},"content":{"rendered":"<p>\u00centr-o postare pe Facebook, b\u0103rbatul a comparat reac\u021bia autorit\u0103\u021bilor din Elve\u021bia \u0219i haosul interven\u021biei de la Bucure\u0219ti, din urm\u0103 cu zece ani. Iancu spune c\u0103, de\u0219i nimeni nu s-ar fi a\u0219teptat la o tragedie de asemenea amploare \u00eentr-o \u021bar\u0103 precum Elve\u021bia, accidentele pot ap\u0103rea oriunde. Diferen\u021ba, subliniaz\u0103 el, o face modul \u00een care autorit\u0103\u021bile sunt preg\u0103tite s\u0103 ac\u021bioneze.<\/p>\n<p>Tat\u0103l unui t\u00e2n\u0103r mort \u00een Colectiv compar\u0103 tragedia din Rom\u00e2nia cu cea din Elve\u021bia<\/p>\n<p>\u201eCine \u0219i-ar fi putut imagina c\u0103 o astfel de tragedie se poate \u00eent\u00e2mpla \u00een Elve\u021bia? A\u0219 zice c\u0103 nimeni, de\u0219i mereu am sus\u021binut c\u0103 accidente se pot \u00eent\u00e2mpla oric\u00e2nd, oriunde. \u00centrebarea este ce faci atunci c\u00e2nd se \u00eent\u00e2mpl\u0103? E\u0219ti preg\u0103tit s\u0103 intervii, s\u0103 salvezi, s\u0103 transferi \u0219i s\u0103 tratezi o victim\u0103 a unui incendiu?\u201d, scrie Eugen Iancu, \u00eentr-o postare pe pagina sa de Facebook.<\/p>\n<p>B\u0103rbatul remarc\u0103 faptul c\u0103 <a href=\"https:\/\/www.realitatea.net\/stiri\/extern\/au-fost-identificate-primele-victime-ale-incendiului-din-barul-groazei-din-elvetia-aveau-doar-16-ani_6958f9c4f0369342f40af132\" target=\"_blank\">interven\u021bia elve\u021bienilor<\/a> a fost caracterizat\u0103 de ordine \u0219i coordonare \u00eenc\u0103 din primele minute: perimetrul a fost securizat rapid, ambulan\u021bele au fost aliniate \u0219i preg\u0103tite s\u0103 preia victimele, iar fluxul de transport c\u0103tre spitale a func\u021bionat impecabil. \u00cen acest context, Iancu a amintit de tragedia de la Colectiv.<\/p>\n<p>\u201eElve\u021bienii nu \u0219i-au permis s\u0103 strige \u00een gura mare c\u0103 se pot descurca singuri\u201d<\/p>\n<p>De asemenea, b\u0103rbatul a vorbit \u0219i despre corturile de triere \u0219i mobilizarea elicopterelor, elemente care, spune el, au lipsit complet \u00een 2015, de\u0219i Rom\u00e2nia avea astfel de corturi, folosite \u00eens\u0103 doar \u201ela parade \u0219i evenimente unde ne place s\u0103 ne l\u0103ud\u0103m cu dot\u0103rile\u201d.<\/p>\n<p>\u201eElve\u021bienii nu \u0219i-au permis s\u0103 strige \u00een gura mare c\u0103 se pot descurca singuri\u201d, iar \u201ecel mai important lucru\u201d este, \u00een opinia sa, c\u0103 \u201eelve\u021bienii au apelat la ajutor extern din primele ore astfel \u00eenc\u00e2t au \u00eenceput transferurile c\u0103tre spitale de specialitate dup\u0103 24 de ore de la eveniment. Nu se pune problema banilor, nu exist\u0103 orgolii ale medicilor, nu exist\u0103 incompeten\u021b\u0103 \u00een r\u00e2ndul autorit\u0103\u021bilor, nu exist\u0103 prostie \u00een r\u00e2ndul politicienilor atunci c\u00e2nd este vorba de a salva vie\u021bi\u201d, a \u00eencheiat b\u0103rbatul.<\/p>","protected":false},"excerpt":{"rendered":"<p>\u00centr-o postare pe Facebook, b\u0103rbatul a comparat reac\u021bia autorit\u0103\u021bilor din Elve\u021bia \u0219i haosul interven\u021biei de&hellip;<\/p>\n","protected":false},"author":0,"featured_media":55721,"comment_status":"open","ping_status":"open","sticky":false,"template":"","format":"standard","meta":{"footnotes":""},"categories":[2],"tags":[],"class_list":["post-55720","post","type-post","status-publish","format-standard","has-post-thumbnail","hentry","category-actual"],"_links":{"self":[{"href":"https:\/\/247stiri.ro\/index.php\/wp-json\/wp\/v2\/posts\/55720","targetHints":{"allow":["GET"]}}],"collection":[{"href":"https:\/\/247stiri.ro\/index.php\/wp-json\/wp\/v2\/posts"}],"about":[{"href":"https:\/\/247stiri.ro\/index.php\/wp-json\/wp\/v2\/types\/post"}],"replies":[{"embeddable":true,"href":"https:\/\/247stiri.ro\/index.php\/wp-json\/wp\/v2\/comments?post=55720"}],"version-history":[{"count":0,"href":"https:\/\/247stiri.ro\/index.php\/wp-json\/wp\/v2\/posts\/55720\/revisions"}],"wp:featuredmedia":[{"embeddable":true,"href":"https:\/\/247stiri.ro\/index.php\/wp-json\/wp\/v2\/media\/55721"}],"wp:attachment":[{"href":"https:\/\/247stiri.ro\/index.php\/wp-json\/wp\/v2\/media?parent=55720"}],"wp:term":[{"taxonomy":"category","embeddable":true,"href":"https:\/\/247stiri.ro\/index.php\/wp-json\/wp\/v2\/categories?post=55720"},{"taxonomy":"post_tag","embeddable":true,"href":"https:\/\/247stiri.ro\/index.php\/wp-json\/wp\/v2\/tags?post=55720"}],"curies":[{"name":"wp","href":"https:\/\/api.w.org\/{rel}","templated":true}]}}