{"id":55731,"date":"2026-01-03T15:45:03","date_gmt":"2026-01-03T15:45:03","guid":{"rendered":"https:\/\/247stiri.ro\/index.php\/2026\/01\/03\/paradoxul-care-sfideaza-logica-un-stat-din-desert-are-produse-lactate-ieftine-din-abundenta-romania-importa\/"},"modified":"2026-01-03T15:45:03","modified_gmt":"2026-01-03T15:45:03","slug":"paradoxul-care-sfideaza-logica-un-stat-din-desert-are-produse-lactate-ieftine-din-abundenta-romania-importa","status":"publish","type":"post","link":"https:\/\/247stiri.ro\/index.php\/2026\/01\/03\/paradoxul-care-sfideaza-logica-un-stat-din-desert-are-produse-lactate-ieftine-din-abundenta-romania-importa\/","title":{"rendered":"Paradoxul care sfideaz\u0103 logica. Un stat din de\u0219ert are produse lactate ieftine din abunden\u021b\u0103, Rom\u00e2nia import\u0103"},"content":{"rendered":"<p>\u00centr-un videoclip publicat pe re\u021belele de socializare, Dan Negru a atras aten\u021bia asupra unei situa\u021bii paradoxale din agricultura rom\u00e2neasc\u0103, compar\u00e2nd-o cu modelul din statele din Golf. El subliniaz\u0103 c\u0103 \u021b\u0103ri precum Qatarul, aflate \u00een plin de\u0219ert \u0219i f\u0103r\u0103 resurse naturale agricole, reu\u0219esc totu\u0219i s\u0103 produc\u0103 lapte \u0219i produse lactate la pre\u021buri accesibile, folosind tehnologie \u0219i sisteme moderne de produc\u021bie adaptate unui climat ostil.<\/p>\n\n<p>\u00cen schimb, Rom\u00e2nia dispune de peste 5 milioane de hectare de p\u0103\u0219uni naturale, dar continu\u0103 s\u0103 importe mai bine de 60% din produsele lactate consumate. Observa\u021bia lui Negru scoate \u00een eviden\u021b\u0103 contrastul dintre poten\u021bialul agricol uria\u0219 al \u021b\u0103rii \u0219i rezultatele modeste ale sectorului, marcate de lipsa investi\u021biilor, de fragmentarea fermelor \u0219i de absen\u021ba unor politici coerente care s\u0103 valorifice resursele existente.<\/p>\n<p><a title='Romanii mananca de afara, producatorii nostri intra in faliment: ,,Ne este tot mai greu sa ne vindem produsele!\"' href=\"https:\/\/www.realitatea.net\/stiri\/economie\/romanii-mananca-de-afara-producatorii-nostri-intra-in-faliment-ne-este-tot-mai-greu-sa-ne-vindem-produsele_694502bbd9434150da202a32\">Rom\u00e2nii m\u0103n\u00e2nc\u0103 de afar\u0103, produc\u0103torii no\u0219tri intr\u0103 \u00een faliment: \u201eNe este tot mai greu s\u0103 ne vindem produsele!\u201d<\/a><\/p>","protected":false},"excerpt":{"rendered":"<p>\u00centr-un videoclip publicat pe re\u021belele de socializare, Dan Negru a atras aten\u021bia asupra unei situa\u021bii&hellip;<\/p>\n","protected":false},"author":0,"featured_media":55732,"comment_status":"open","ping_status":"open","sticky":false,"template":"","format":"standard","meta":{"footnotes":""},"categories":[2],"tags":[],"class_list":["post-55731","post","type-post","status-publish","format-standard","has-post-thumbnail","hentry","category-actual"],"_links":{"self":[{"href":"https:\/\/247stiri.ro\/index.php\/wp-json\/wp\/v2\/posts\/55731","targetHints":{"allow":["GET"]}}],"collection":[{"href":"https:\/\/247stiri.ro\/index.php\/wp-json\/wp\/v2\/posts"}],"about":[{"href":"https:\/\/247stiri.ro\/index.php\/wp-json\/wp\/v2\/types\/post"}],"replies":[{"embeddable":true,"href":"https:\/\/247stiri.ro\/index.php\/wp-json\/wp\/v2\/comments?post=55731"}],"version-history":[{"count":0,"href":"https:\/\/247stiri.ro\/index.php\/wp-json\/wp\/v2\/posts\/55731\/revisions"}],"wp:featuredmedia":[{"embeddable":true,"href":"https:\/\/247stiri.ro\/index.php\/wp-json\/wp\/v2\/media\/55732"}],"wp:attachment":[{"href":"https:\/\/247stiri.ro\/index.php\/wp-json\/wp\/v2\/media?parent=55731"}],"wp:term":[{"taxonomy":"category","embeddable":true,"href":"https:\/\/247stiri.ro\/index.php\/wp-json\/wp\/v2\/categories?post=55731"},{"taxonomy":"post_tag","embeddable":true,"href":"https:\/\/247stiri.ro\/index.php\/wp-json\/wp\/v2\/tags?post=55731"}],"curies":[{"name":"wp","href":"https:\/\/api.w.org\/{rel}","templated":true}]}}