{"id":55791,"date":"2026-01-04T07:46:13","date_gmt":"2026-01-04T07:46:13","guid":{"rendered":"https:\/\/247stiri.ro\/index.php\/2026\/01\/04\/ministru-usr-imprumut-de-8-000-de-euro-catre-o-jurnalista-rezist-apare-in-declaratia-de-avere\/"},"modified":"2026-01-04T07:46:13","modified_gmt":"2026-01-04T07:46:13","slug":"ministru-usr-imprumut-de-8-000-de-euro-catre-o-jurnalista-rezist-apare-in-declaratia-de-avere","status":"publish","type":"post","link":"https:\/\/247stiri.ro\/index.php\/2026\/01\/04\/ministru-usr-imprumut-de-8-000-de-euro-catre-o-jurnalista-rezist-apare-in-declaratia-de-avere\/","title":{"rendered":"Ministru USR, \u00eemprumut de 8.000 de euro c\u0103tre o jurnalist\u0103 \u201erezist\u201d. Apare \u00een declara\u021bia de avere"},"content":{"rendered":"<p>\u00cemprumutul a fost confirmat at\u00e2t de Ministrul Ap\u0103r\u0103rii, c\u00e2t \u0219i de jurnalista care a primit banii. Mai exact, ambii spun c\u0103 se cunosc de mai mul\u021bi ani \u0219i c\u0103 a fost un \u00eemprumut acordat pentru probleme personale.<\/p>\n<p>Ministrul Ap\u0103r\u0103rii Radu Miru\u021b\u0103\u00a0sus\u021bine c\u0103 ar fi vorba, \u00eentr-adev\u0103r, de o sum\u0103 de 8.000 de euro \u0219i c\u0103 ar fi fost restituit\u0103 \u00eentre timp \u00een parte. De asemenea, acesta declar\u0103 c\u0103 transferul a fost f\u0103cut transparent, prin transfer bancar, \u0219i c\u0103 nu ar avea nicio leg\u0103tur\u0103 cu emisiunile la care a participat de-a lungul timpului.<\/p>\n<p>\u0218i jurnalista sus\u021bine, \u00een mod similar, c\u0103 a restituit \u00eemprumutul \u0219i c\u0103 a avut nevoie de sumele respective de bani pentru probleme personale; sus\u021bine c\u0103 acest \u00eemprumut nu ar avea nicio leg\u0103tur\u0103 cu emisiunile sale.<\/p>\n<p>Cu toate acestea, vedem numele jurnalistei \u00een cel pu\u021bin dou\u0103 declara\u021bii de avere ale Ministrului Ap\u0103r\u0103rii, at\u00e2t cea din 2024, c\u00e2t \u0219i cea din 2025.<\/p>","protected":false},"excerpt":{"rendered":"<p>\u00cemprumutul a fost confirmat at\u00e2t de Ministrul Ap\u0103r\u0103rii, c\u00e2t \u0219i de jurnalista care a primit&hellip;<\/p>\n","protected":false},"author":0,"featured_media":55792,"comment_status":"open","ping_status":"open","sticky":false,"template":"","format":"standard","meta":{"footnotes":""},"categories":[3],"tags":[],"class_list":["post-55791","post","type-post","status-publish","format-standard","has-post-thumbnail","hentry","category-politica"],"_links":{"self":[{"href":"https:\/\/247stiri.ro\/index.php\/wp-json\/wp\/v2\/posts\/55791","targetHints":{"allow":["GET"]}}],"collection":[{"href":"https:\/\/247stiri.ro\/index.php\/wp-json\/wp\/v2\/posts"}],"about":[{"href":"https:\/\/247stiri.ro\/index.php\/wp-json\/wp\/v2\/types\/post"}],"replies":[{"embeddable":true,"href":"https:\/\/247stiri.ro\/index.php\/wp-json\/wp\/v2\/comments?post=55791"}],"version-history":[{"count":0,"href":"https:\/\/247stiri.ro\/index.php\/wp-json\/wp\/v2\/posts\/55791\/revisions"}],"wp:featuredmedia":[{"embeddable":true,"href":"https:\/\/247stiri.ro\/index.php\/wp-json\/wp\/v2\/media\/55792"}],"wp:attachment":[{"href":"https:\/\/247stiri.ro\/index.php\/wp-json\/wp\/v2\/media?parent=55791"}],"wp:term":[{"taxonomy":"category","embeddable":true,"href":"https:\/\/247stiri.ro\/index.php\/wp-json\/wp\/v2\/categories?post=55791"},{"taxonomy":"post_tag","embeddable":true,"href":"https:\/\/247stiri.ro\/index.php\/wp-json\/wp\/v2\/tags?post=55791"}],"curies":[{"name":"wp","href":"https:\/\/api.w.org\/{rel}","templated":true}]}}