{"id":55803,"date":"2026-01-04T08:45:06","date_gmt":"2026-01-04T08:45:06","guid":{"rendered":"https:\/\/247stiri.ro\/index.php\/2026\/01\/04\/nicusor-dan-tace-zero-reactie-dupa-operatiunea-sua-in-venezuela\/"},"modified":"2026-01-04T08:45:06","modified_gmt":"2026-01-04T08:45:06","slug":"nicusor-dan-tace-zero-reactie-dupa-operatiunea-sua-in-venezuela","status":"publish","type":"post","link":"https:\/\/247stiri.ro\/index.php\/2026\/01\/04\/nicusor-dan-tace-zero-reactie-dupa-operatiunea-sua-in-venezuela\/","title":{"rendered":"Nicu\u0219or Dan tace: zero reac\u021bie dup\u0103 opera\u021biunea SUA \u00een Venezuela"},"content":{"rendered":"<p>P\u00e2n\u0103 \u00een momentul de fa\u021b\u0103 pre\u0219edintele Nicu\u0219or Dan nu a avut nicio discu\u021bie fa\u021b\u0103 \u00een fa\u021b\u0103 cu pre\u0219edintele american Donald Trump \u0219i, de asemenea, nu a venit cu nicio pozi\u021bie public\u0103 dup\u0103 incidentele de ieri, din Venezuela. Asta de\u0219i am v\u0103zut pozi\u021bii clare din partea multor lideri europeni, dar \u0219i de la v\u00e2rful Comisiei Europene.<\/p>\n<p>Potrivit Ministrului de Externe, Oana \u021aoiu, \u00een prima jum\u0103tate a acestui an urmeaz\u0103 s\u0103 aib\u0103 loc aceast\u0103 vizit\u0103 a pre\u0219edintelui Nicu\u0219or Dan \u00een Statele Unite, la Washington. Este vorba despre o vizit\u0103 oficial\u0103. Deja a fost \u00eenfiin\u021bat \u0219i un grup de lucru la Cotroceni care s\u0103 preg\u0103teasc\u0103 aceast\u0103 vizit\u0103, un grup de lucru condus de consilierul preziden\u021bial pe securitate, Marius Lazurca. Acesta spune c\u0103 \u00een aceast\u0103 vizit\u0103 accentul se va pune pe dimensiunea economic\u0103 \u0219i pe dimensiunea militar\u0103.<\/p>\n<p>Aceast\u0103 vizit\u0103 are loc abia dup\u0103 ce liderul AUR, <a href=\"https:\/\/www.realitatea.net\/stiri\/actual\/simion-merge-in-sua-in-perioada-2022-ianuarie-piperea-o-sa-vorbim-despre-justitia-ca-arma-politica-video_6957e50434dba2139c51bd22\" target=\"_blank\">George Simion<\/a> va ajunge \u00een Statele Unite la finalul acestei luni, al\u0103turi de o delega\u021bie pentru a discuta cu oficialii de acolo despre problemele din justi\u021bie.<\/p>\n<p>\u00a0<\/p>","protected":false},"excerpt":{"rendered":"<p>P\u00e2n\u0103 \u00een momentul de fa\u021b\u0103 pre\u0219edintele Nicu\u0219or Dan nu a avut nicio discu\u021bie fa\u021b\u0103 \u00een&hellip;<\/p>\n","protected":false},"author":0,"featured_media":55804,"comment_status":"open","ping_status":"open","sticky":false,"template":"","format":"standard","meta":{"footnotes":""},"categories":[3],"tags":[],"class_list":["post-55803","post","type-post","status-publish","format-standard","has-post-thumbnail","hentry","category-politica"],"_links":{"self":[{"href":"https:\/\/247stiri.ro\/index.php\/wp-json\/wp\/v2\/posts\/55803","targetHints":{"allow":["GET"]}}],"collection":[{"href":"https:\/\/247stiri.ro\/index.php\/wp-json\/wp\/v2\/posts"}],"about":[{"href":"https:\/\/247stiri.ro\/index.php\/wp-json\/wp\/v2\/types\/post"}],"replies":[{"embeddable":true,"href":"https:\/\/247stiri.ro\/index.php\/wp-json\/wp\/v2\/comments?post=55803"}],"version-history":[{"count":0,"href":"https:\/\/247stiri.ro\/index.php\/wp-json\/wp\/v2\/posts\/55803\/revisions"}],"wp:featuredmedia":[{"embeddable":true,"href":"https:\/\/247stiri.ro\/index.php\/wp-json\/wp\/v2\/media\/55804"}],"wp:attachment":[{"href":"https:\/\/247stiri.ro\/index.php\/wp-json\/wp\/v2\/media?parent=55803"}],"wp:term":[{"taxonomy":"category","embeddable":true,"href":"https:\/\/247stiri.ro\/index.php\/wp-json\/wp\/v2\/categories?post=55803"},{"taxonomy":"post_tag","embeddable":true,"href":"https:\/\/247stiri.ro\/index.php\/wp-json\/wp\/v2\/tags?post=55803"}],"curies":[{"name":"wp","href":"https:\/\/api.w.org\/{rel}","templated":true}]}}