{"id":55817,"date":"2026-01-04T09:44:55","date_gmt":"2026-01-04T09:44:55","guid":{"rendered":"https:\/\/247stiri.ro\/index.php\/2026\/01\/04\/romanul-dat-disparut-dupa-incendiul-din-clubul-din-elvetia-a-fost-gasit-mort\/"},"modified":"2026-01-04T09:44:55","modified_gmt":"2026-01-04T09:44:55","slug":"romanul-dat-disparut-dupa-incendiul-din-clubul-din-elvetia-a-fost-gasit-mort","status":"publish","type":"post","link":"https:\/\/247stiri.ro\/index.php\/2026\/01\/04\/romanul-dat-disparut-dupa-incendiul-din-clubul-din-elvetia-a-fost-gasit-mort\/","title":{"rendered":"Rom\u00e2nul dat disp\u0103rut dup\u0103 incendiul din clubul din Elve\u021bia a fost g\u0103sit MORT"},"content":{"rendered":"<p>T\u00e2n\u0103rul care a fost dat disp\u0103rut dup\u0103 incendiul puternic din noaptea de Reevelion petrecut la un club din Elve\u021bia a este\u00a0 decedat. Informa\u021bia a fost confirmat\u0103 de <a href=\"https:\/\/www.realitatea.net\/stiri\/actual\/un-roman-a-fost-ranit-in-infernul-din-elvetia-surse_6957c293b37c897f4e635232\" target=\"_blank\">Minsiterul de Externe<\/a>.\u00a0<\/p>\n<p>&#8222;\u00cen continuarea preciz\u0103rilor de pres\u0103 referitoare la incendiul produs \u00een Elve\u021bia, \u00een sta\u021biunea Crans-Montana, Ministerul Afacerilor Externe informeaz\u0103 c\u0103, \u00een conformitate cu informa\u021biile transmise de autorit\u0103\u021bile elve\u021biene competente, cet\u0103\u021beanul rom\u00e2n presupus ini\u021bial disp\u0103rut (<a class=\"x1i10hfl xjbqb8w x1ejq31n x18oe1m7 x1sy0etr xstzfhl x972fbf x10w94by x1qhh985 x14e42zd x9f619 x1ypdohk xt0psk2 x3ct3a4 xdj266r x14z9mp xat24cr x1lziwak xexx8yu xyri2b x18d9i69 x1c1uobl x16tdsg8 xggy1nq x1a2a7pz x1s688f x1heor9g x1bvjpef xujl8zx\" href=\"https:\/\/www.mae.ro\/node\/67939\" target=\"_blank\">https:\/\/www.mae.ro\/node\/67939<\/a>) este decedat&#8221;, a anun\u021bat MAE.<\/p>\n<p>Potrivit sursei citate, Ambasada Rom\u00e2niei la Berna se afl\u0103 \u00een contact cu familia persoanei decedate, iar reprezentan\u021bii misiunii diplomatice acord\u0103 asisten\u021b\u0103 consular\u0103 familiei. De asemenea, echipa consular\u0103 a ambasadei men\u021bine leg\u0103tura cu autorit\u0103\u021bile elve\u021biene competente.<\/p>\n<p>&#8222;Ministerul Afacerilor Externe transmite condolean\u021be familiei \u00eendoliate&#8221;, mai arat\u0103 sursa citat\u0103.<\/p>\n<p>MAE aminte\u0219te cet\u0103\u021benilor rom\u00e2ni c\u0103 pot solicita asisten\u021b\u0103 consular\u0103 la numerele de telefon ale Ambasadei Rom\u00e2niei la Berna: telefon call-center: +41 31 351 05 46 \u0219i +41 31 351 05 47, apelurile fiind redirec\u021bionate c\u0103tre Centrul de Contact \u0219i Suport al Cet\u0103\u021benilor Rom\u00e2ni din Str\u0103in\u0103tate (CCSCRS) \u0219i preluate de c\u0103tre operatorii Call Center-ului \u00een regim de permanen\u021b\u0103. De asemenea, cet\u0103\u021benii rom\u00e2ni care se confrunt\u0103 cu o situa\u021bie dificil\u0103, special\u0103, cu un caracter de urgen\u021b\u0103, au la dispozi\u021bie telefonul de urgen\u021b\u0103 al misiunii diplomatice: +41 76 387 50 05.<\/p>\n<p><a href=\"https:\/\/www.realitatea.net\/stiri\/actual\/un-avion-c27j-spartan-a-plecat-in-elvetia-pentru-a-transporta-sase-pacienti-cu-arsuri-la-un-spital-din-franta-anuntul-mapn_69580fca4dba984c22571a2b\" target=\"_blank\">Un avion C-27J Spartan a plecat \u00een Elve\u0163ia, pentru a transporta \u015fase pacien\u0163i cu arsuri la un spital din Fran\u0163a. Anun\u021bul MApN<\/a><\/p>","protected":false},"excerpt":{"rendered":"<p>T\u00e2n\u0103rul care a fost dat disp\u0103rut dup\u0103 incendiul puternic din noaptea de Reevelion petrecut la&hellip;<\/p>\n","protected":false},"author":0,"featured_media":55810,"comment_status":"open","ping_status":"open","sticky":false,"template":"","format":"standard","meta":{"footnotes":""},"categories":[2],"tags":[],"class_list":["post-55817","post","type-post","status-publish","format-standard","has-post-thumbnail","hentry","category-actual"],"_links":{"self":[{"href":"https:\/\/247stiri.ro\/index.php\/wp-json\/wp\/v2\/posts\/55817","targetHints":{"allow":["GET"]}}],"collection":[{"href":"https:\/\/247stiri.ro\/index.php\/wp-json\/wp\/v2\/posts"}],"about":[{"href":"https:\/\/247stiri.ro\/index.php\/wp-json\/wp\/v2\/types\/post"}],"replies":[{"embeddable":true,"href":"https:\/\/247stiri.ro\/index.php\/wp-json\/wp\/v2\/comments?post=55817"}],"version-history":[{"count":0,"href":"https:\/\/247stiri.ro\/index.php\/wp-json\/wp\/v2\/posts\/55817\/revisions"}],"wp:featuredmedia":[{"embeddable":true,"href":"https:\/\/247stiri.ro\/index.php\/wp-json\/wp\/v2\/media\/55810"}],"wp:attachment":[{"href":"https:\/\/247stiri.ro\/index.php\/wp-json\/wp\/v2\/media?parent=55817"}],"wp:term":[{"taxonomy":"category","embeddable":true,"href":"https:\/\/247stiri.ro\/index.php\/wp-json\/wp\/v2\/categories?post=55817"},{"taxonomy":"post_tag","embeddable":true,"href":"https:\/\/247stiri.ro\/index.php\/wp-json\/wp\/v2\/tags?post=55817"}],"curies":[{"name":"wp","href":"https:\/\/api.w.org\/{rel}","templated":true}]}}