{"id":55822,"date":"2026-01-04T09:44:58","date_gmt":"2026-01-04T09:44:58","guid":{"rendered":"https:\/\/247stiri.ro\/index.php\/2026\/01\/04\/calin-georgescu-asteptat-maine-sa-semneze-controlul-judiciar\/"},"modified":"2026-01-04T09:44:58","modified_gmt":"2026-01-04T09:44:58","slug":"calin-georgescu-asteptat-maine-sa-semneze-controlul-judiciar","status":"publish","type":"post","link":"https:\/\/247stiri.ro\/index.php\/2026\/01\/04\/calin-georgescu-asteptat-maine-sa-semneze-controlul-judiciar\/","title":{"rendered":"C\u0103lin Georgescu, a\u0219teptat m\u00e2ine s\u0103 semneze controlul judiciar"},"content":{"rendered":"<p>M\u00e2ine C\u0103lin Georgescu este a\u0219teptat s\u0103 semneze controlul judiciar. Vedem c\u0103 s-a schimbat din nou ziua \u00een care C\u0103lin Georgescu ajunge \u00een fa\u021ba poli\u021bi\u0219tilor pentru a semna pe controlul judiciar.<\/p>\n<p>Ne-am obi\u0219nuit p\u00e2n\u0103 acum ca ziua de mar\u021bi s\u0103 fie cea \u00een care ajunge la Buftea \u00een fa\u021ba poli\u021bi\u0219tilor. M\u00e2ine \u00eens\u0103, iat\u0103 c\u0103 este a\u0219teptat de aceast\u0103 dat\u0103.<\/p>\n<p>Reamintim <a href=\"https:\/\/www.realitatea.net\/stiri\/actual\/calin-georgescu-astazi-la-politia-buftea-pentru-controlul-judiciar-mesaj-special-in-ajun-de-an-nou_69535f574552885eb4471652\" target=\"_blank\">mesajul pe care C\u0103lin Georgescu<\/a> l-a dat, \u0219i anume c\u0103 cere ca raportul privind anularea alegerilor preziden\u021biale din 2024 s\u0103 fie trimis \u00een Statele Unite ale Americii, dar \u0219i \u00een Israel.<\/p>\n<p>\u00centre timp, \u00een Statele Unite ale Americii va ajunge \u0219i liderul AUR, <a href=\"https:\/\/www.realitatea.net\/stiri\/actual\/simion-merge-in-sua-in-perioada-2022-ianuarie-piperea-o-sa-vorbim-despre-justitia-ca-arma-politica-video_6957e50434dba2139c51bd22\" target=\"_blank\">George Simion<\/a>, \u0219i printre subiectele pe care le va discuta cu liderii din America vorbim \u0219i despre anularea alegerilor, dar \u0219i despre justi\u021bia ca arm\u0103 politic\u0103.<\/p>","protected":false},"excerpt":{"rendered":"<p>M\u00e2ine C\u0103lin Georgescu este a\u0219teptat s\u0103 semneze controlul judiciar. Vedem c\u0103 s-a schimbat din nou&hellip;<\/p>\n","protected":false},"author":0,"featured_media":55802,"comment_status":"open","ping_status":"open","sticky":false,"template":"","format":"standard","meta":{"footnotes":""},"categories":[2],"tags":[],"class_list":["post-55822","post","type-post","status-publish","format-standard","has-post-thumbnail","hentry","category-actual"],"_links":{"self":[{"href":"https:\/\/247stiri.ro\/index.php\/wp-json\/wp\/v2\/posts\/55822","targetHints":{"allow":["GET"]}}],"collection":[{"href":"https:\/\/247stiri.ro\/index.php\/wp-json\/wp\/v2\/posts"}],"about":[{"href":"https:\/\/247stiri.ro\/index.php\/wp-json\/wp\/v2\/types\/post"}],"replies":[{"embeddable":true,"href":"https:\/\/247stiri.ro\/index.php\/wp-json\/wp\/v2\/comments?post=55822"}],"version-history":[{"count":0,"href":"https:\/\/247stiri.ro\/index.php\/wp-json\/wp\/v2\/posts\/55822\/revisions"}],"wp:featuredmedia":[{"embeddable":true,"href":"https:\/\/247stiri.ro\/index.php\/wp-json\/wp\/v2\/media\/55802"}],"wp:attachment":[{"href":"https:\/\/247stiri.ro\/index.php\/wp-json\/wp\/v2\/media?parent=55822"}],"wp:term":[{"taxonomy":"category","embeddable":true,"href":"https:\/\/247stiri.ro\/index.php\/wp-json\/wp\/v2\/categories?post=55822"},{"taxonomy":"post_tag","embeddable":true,"href":"https:\/\/247stiri.ro\/index.php\/wp-json\/wp\/v2\/tags?post=55822"}],"curies":[{"name":"wp","href":"https:\/\/api.w.org\/{rel}","templated":true}]}}