{"id":55849,"date":"2026-01-04T13:45:31","date_gmt":"2026-01-04T13:45:31","guid":{"rendered":"https:\/\/247stiri.ro\/index.php\/2026\/01\/04\/oana-toiu-dupa-decesul-tanarului-roman-in-infernul-din-elvetia-prea-repede-a-fost-luat\/"},"modified":"2026-01-04T13:45:31","modified_gmt":"2026-01-04T13:45:31","slug":"oana-toiu-dupa-decesul-tanarului-roman-in-infernul-din-elvetia-prea-repede-a-fost-luat","status":"publish","type":"post","link":"https:\/\/247stiri.ro\/index.php\/2026\/01\/04\/oana-toiu-dupa-decesul-tanarului-roman-in-infernul-din-elvetia-prea-repede-a-fost-luat\/","title":{"rendered":"Oana \u021aoiu, dup\u0103 decesul t\u00e2n\u0103rului rom\u00e2n \u00een infernul din Elve\u021bia: \u201ePrea repede a fost luat!\u201d"},"content":{"rendered":"<p>\u0218efa diploma\u021biei rom\u00e2ne a subliniat c\u0103, \u00een fa\u021ba unei tragedii de asemenea amploare, bun\u0103tatea este foarte important\u0103. \u021aoiu a confirmat \u0219i decesul t\u00e2n\u0103rului rom\u00e2n de 18 ani dat disp\u0103rut dup\u0103 incendiu.<\/p>\n<p>Oana \u021aoiu a reac\u021bionat dup\u0103 decesul t\u00e2n\u0103rului mort \u00een incendiul din Elve\u021bia<\/p>\n<p>\u201eAm sperat c\u0103 va fi g\u0103sit printre cei cu \u0219anse de supravie\u021buire. Din p\u0103cate, familia \u0219i autorit\u0103\u021bile elve\u021biene ne-au informat c\u0103 a fost confirmat decesul s\u0103u. Transmit condolean\u021be familiei \u00eendoliate, mult prea repede a fost luat de l\u00e2ng\u0103 ei. Dumnezeu s\u0103 \u00eel odihneasc\u0103 \u00een pace\u201d, a declarat ministrul.<\/p>\n<p>Oana \u021aoiu \u0219i-a amintit \u0219i de tragedia din clubul Colectiv: \u201eDurerea lor ne aduce brutal \u00een amintire incendiul de la Colectiv. \u00cen fa\u021ba unei tragedii de asemenea amploare, doar solidaritatea uman\u0103 poate fi r\u0103spunsul.\u201d<\/p>\n<p>Rom\u00e2nia, sprijin pentru victimele incendiului din Elve\u021bia<\/p>\n<p>\u021aoiu a precizat c\u0103 Ambasada Rom\u00e2niei la Berna \u0219i consulul rom\u00e2n au fost \u00een contact permanent cu familia t\u00e2n\u0103rului. De asemenea, Rom\u00e2nia a oferit sprijin interna\u021bional pentru transportul unor r\u0103ni\u021bi c\u0103tre spitale din Fran\u021ba, prin mecanismul european de protec\u021bie civil\u0103, cu o aeronav\u0103 a Ministerului Ap\u0103r\u0103rii.<\/p>\n<p>Oana \u021aoiu a eviden\u021biat \u0219i interven\u021bia voluntar\u0103 a unui rom\u00e2n, George, care a ajutat echipele de urgen\u021b\u0103 \u00een timpul incendiului.<\/p>\n<p>Eroul rom\u00e2n din Elve\u021bia: \u201eDac\u0103 pot s\u0103 ajut, nu stau la discu\u021bii\u201d<\/p>\n<p>\u201e\u00cen momentele critice conteaz\u0103 enorm curajul celor din jur. George a intervenit voluntar al\u0103turi de echipele de urgen\u021b\u0103. L\u2011am sunat s\u0103 \u00eei mul\u021bumesc pentru gestul s\u0103u profund uman, care face cinste Rom\u00e2niei\u201d, a spus \u021aoiu.<\/p>\n<p>Ea a ad\u0103ugat c\u0103 i-au r\u0103mas \u00een minte cuvintele acestuia: \u201eDac\u0103 pot s\u0103 ajut, nu stau la discu\u021bii.\u201d<\/p>\n<p>Incendiul izbucnit \u00een noaptea de Revelion \u00eentr-un bar din sta\u021biunea Crans\u2011Montana a provocat moartea a 40 de persoane \u0219i a r\u0103nit alte 119. Alte 16 victime au fost identificate ulterior, potrivit autorit\u0103\u021bilor elve\u021biene.<\/p>","protected":false},"excerpt":{"rendered":"<p>\u0218efa diploma\u021biei rom\u00e2ne a subliniat c\u0103, \u00een fa\u021ba unei tragedii de asemenea amploare, bun\u0103tatea este&hellip;<\/p>\n","protected":false},"author":0,"featured_media":55850,"comment_status":"open","ping_status":"open","sticky":false,"template":"","format":"standard","meta":{"footnotes":""},"categories":[3],"tags":[],"class_list":["post-55849","post","type-post","status-publish","format-standard","has-post-thumbnail","hentry","category-politica"],"_links":{"self":[{"href":"https:\/\/247stiri.ro\/index.php\/wp-json\/wp\/v2\/posts\/55849","targetHints":{"allow":["GET"]}}],"collection":[{"href":"https:\/\/247stiri.ro\/index.php\/wp-json\/wp\/v2\/posts"}],"about":[{"href":"https:\/\/247stiri.ro\/index.php\/wp-json\/wp\/v2\/types\/post"}],"replies":[{"embeddable":true,"href":"https:\/\/247stiri.ro\/index.php\/wp-json\/wp\/v2\/comments?post=55849"}],"version-history":[{"count":0,"href":"https:\/\/247stiri.ro\/index.php\/wp-json\/wp\/v2\/posts\/55849\/revisions"}],"wp:featuredmedia":[{"embeddable":true,"href":"https:\/\/247stiri.ro\/index.php\/wp-json\/wp\/v2\/media\/55850"}],"wp:attachment":[{"href":"https:\/\/247stiri.ro\/index.php\/wp-json\/wp\/v2\/media?parent=55849"}],"wp:term":[{"taxonomy":"category","embeddable":true,"href":"https:\/\/247stiri.ro\/index.php\/wp-json\/wp\/v2\/categories?post=55849"},{"taxonomy":"post_tag","embeddable":true,"href":"https:\/\/247stiri.ro\/index.php\/wp-json\/wp\/v2\/tags?post=55849"}],"curies":[{"name":"wp","href":"https:\/\/api.w.org\/{rel}","templated":true}]}}