{"id":55861,"date":"2026-01-04T14:45:39","date_gmt":"2026-01-04T14:45:39","guid":{"rendered":"https:\/\/247stiri.ro\/index.php\/2026\/01\/04\/fetita-de-1-an-impuscata-mortal-chiar-de-mama-ei-tatal-distrus-de-durere-a-spus-ca-a-trimis-o-la-dumnezeu\/"},"modified":"2026-01-04T14:45:39","modified_gmt":"2026-01-04T14:45:39","slug":"fetita-de-1-an-impuscata-mortal-chiar-de-mama-ei-tatal-distrus-de-durere-a-spus-ca-a-trimis-o-la-dumnezeu","status":"publish","type":"post","link":"https:\/\/247stiri.ro\/index.php\/2026\/01\/04\/fetita-de-1-an-impuscata-mortal-chiar-de-mama-ei-tatal-distrus-de-durere-a-spus-ca-a-trimis-o-la-dumnezeu\/","title":{"rendered":"Feti\u021b\u0103 de 1 an, \u00eempu\u0219cat\u0103 mortal chiar de mama ei. Tat\u0103l, distrus de durere: \u201eA spus c\u0103 a trimis-o la Dumnezeu\u201d"},"content":{"rendered":"<p>Poli\u021bia a intervenit \u00een jurul orei 20:21, dup\u0103 un apel care anun\u021ba o \u00eempu\u0219c\u0103tur\u0103 \u00eentr-o locuin\u021b\u0103 de pe strada Quelqueshue. La sosire, agen\u021bii au g\u0103sit copilul f\u0103r\u0103 via\u021b\u0103, av\u00e2nd o ran\u0103 prin \u00eempu\u0219care. Mama a fost re\u021binut\u0103 imediat \u0219i se afl\u0103 \u00een arest, cu o cau\u021biune stabilit\u0103 la 10 milioane de dolari.<\/p>\n<p>Feti\u021b\u0103 de 1 an, \u00eempu\u0219cat\u0103 mortal de mama ei<\/p>\n<p>Tat\u0103l feti\u021bei, Bradley Moss, a povestit pentru Fox 8 c\u0103 a auzit \u201eo bubuitur\u0103 puternic\u0103\u201d, iar c\u00e2nd a intrat \u00een camer\u0103 \u0219i-a g\u0103sit copilul \u00eempu\u0219cat, iar pe Bass \u021bin\u00e2nd arma \u00een m\u00e2n\u0103. \u00cen \u00eenc\u0103pere se afla \u0219i cealalt\u0103 fiic\u0103 a lor, de doi ani, care striga dup\u0103 ajutor.<\/p>\n<p>Moss sus\u021bine c\u0103 Bass i-a spus direct motivul gestului: \u201eA spus c\u0103 a \u00eempu\u0219cat-o pe Acelynn ca s\u0103 o trimit\u0103 la Dumnezeu.\u201d<\/p>\n<p>Voia s\u0103 \u00ee\u0219i ucid\u0103 \u0219i cea de-a doua feti\u021b\u0103<\/p>\n<p>El a mai declarat c\u0103<a href=\"https:\/\/www.realitatea.net\/stiri\/actual\/crima-sibiu-femeia-care-sia-ucis-mama-pentru-avere-vrea-sa-scape-de-arest_695762aff937315efb14ebf2\" target=\"_blank\"> femeia ar fi dat de \u00een\u021beles<\/a> c\u0103 inten\u021biona s\u0103 o \u00eempu\u0219te \u0219i pe cea de-a doua feti\u021b\u0103:<\/p>\n<p>\u201eEra s\u0103 pierd doi bebelu\u0219i. Am pierdut-o pe una pentru c\u0103 mama ei voia s\u0103 o trimit\u0103 la Dumnezeu. Feti\u021ba mea cea mare striga: `Ajut\u0103-m\u0103, tati`. Iar Kristen a spus: `Tocmai am trimis copilul nostru la Dumnezeu`\u201d, a declarat tat\u0103l copilei, citat de <a href=\"https:\/\/people.com\/louisiana-woman-charged-with-murder-shooting-death-1-year-old-daughter-11878749\" target=\"_blank\">People.com.<\/a><\/p>\n<p>Potrivit lui Moss, Bass ar fi continuat cu o<a href=\"https:\/\/www.realitatea.net\/stiri\/actual\/barbat-arestat-pentru-ca-siar-fi-ucis-tatal-in-bataie-ar-fi-stat-doua-zile-langa-cadavru_6958b522fa5c78380325fbf8\" target=\"_blank\"> afirma\u021bie \u0219i mai tulbur\u0103toare:<\/a> \u201eA spus: `Acum trebuie s\u0103 o iau \u0219i pe ea`\u201d, referindu-se la copilul de doi ani.<\/p>","protected":false},"excerpt":{"rendered":"<p>Poli\u021bia a intervenit \u00een jurul orei 20:21, dup\u0103 un apel care anun\u021ba o \u00eempu\u0219c\u0103tur\u0103 \u00eentr-o&hellip;<\/p>\n","protected":false},"author":0,"featured_media":55862,"comment_status":"open","ping_status":"open","sticky":false,"template":"","format":"standard","meta":{"footnotes":""},"categories":[4],"tags":[],"class_list":["post-55861","post","type-post","status-publish","format-standard","has-post-thumbnail","hentry","category-extern"],"_links":{"self":[{"href":"https:\/\/247stiri.ro\/index.php\/wp-json\/wp\/v2\/posts\/55861","targetHints":{"allow":["GET"]}}],"collection":[{"href":"https:\/\/247stiri.ro\/index.php\/wp-json\/wp\/v2\/posts"}],"about":[{"href":"https:\/\/247stiri.ro\/index.php\/wp-json\/wp\/v2\/types\/post"}],"replies":[{"embeddable":true,"href":"https:\/\/247stiri.ro\/index.php\/wp-json\/wp\/v2\/comments?post=55861"}],"version-history":[{"count":0,"href":"https:\/\/247stiri.ro\/index.php\/wp-json\/wp\/v2\/posts\/55861\/revisions"}],"wp:featuredmedia":[{"embeddable":true,"href":"https:\/\/247stiri.ro\/index.php\/wp-json\/wp\/v2\/media\/55862"}],"wp:attachment":[{"href":"https:\/\/247stiri.ro\/index.php\/wp-json\/wp\/v2\/media?parent=55861"}],"wp:term":[{"taxonomy":"category","embeddable":true,"href":"https:\/\/247stiri.ro\/index.php\/wp-json\/wp\/v2\/categories?post=55861"},{"taxonomy":"post_tag","embeddable":true,"href":"https:\/\/247stiri.ro\/index.php\/wp-json\/wp\/v2\/tags?post=55861"}],"curies":[{"name":"wp","href":"https:\/\/api.w.org\/{rel}","templated":true}]}}