{"id":55870,"date":"2026-01-04T14:45:43","date_gmt":"2026-01-04T14:45:43","guid":{"rendered":"https:\/\/247stiri.ro\/index.php\/2026\/01\/04\/noi-probleme-pentru-maduro-o-misiune-de-ancheta-a-onu-vrea-sa-il-aduca-in-fata-justitiei-pentru-grave-incalcari-ale-drepturilor-omului\/"},"modified":"2026-01-04T14:45:43","modified_gmt":"2026-01-04T14:45:43","slug":"noi-probleme-pentru-maduro-o-misiune-de-ancheta-a-onu-vrea-sa-il-aduca-in-fata-justitiei-pentru-grave-incalcari-ale-drepturilor-omului","status":"publish","type":"post","link":"https:\/\/247stiri.ro\/index.php\/2026\/01\/04\/noi-probleme-pentru-maduro-o-misiune-de-ancheta-a-onu-vrea-sa-il-aduca-in-fata-justitiei-pentru-grave-incalcari-ale-drepturilor-omului\/","title":{"rendered":"Noi probleme pentru Maduro. O misiune de anchet\u0103 a ONU vrea s\u0103 \u00eel aduc\u0103 \u00een fa\u021ba justi\u021biei pentru grave \u00eenc\u0103lc\u0103ri ale drepturilor omului"},"content":{"rendered":"<p>Aceast\u0103 misiune, mandatat\u0103 din 2019 de Consiliul ONU pentru Drepturile Omului, dar care nu se exprim\u0103 \u00een numele organiza\u021biei, subliniaz\u0103 \u00eentr-un comunicat necesitatea de a garanta c\u0103 fostul pre\u0219edinte venezuelean va da socoteal\u0103 pentru aceste \u00eenc\u0103lc\u0103ri, printre care execu\u021bii extrajudiciare, dispari\u021bii for\u021bate \u0219i torturi.&#8221;Bilan\u021bul de lung\u0103 dat\u0103 al guvernului Maduro \u00een materie de grave \u00eenc\u0103lc\u0103ri ale drepturilor omului nu justific\u0103 o interven\u021bie militar\u0103 american\u0103 care \u00eencalc\u0103 dreptul interna\u021bional&#8221;, a declarat Alex Neve, unul dintre membrii acestei misiuni interna\u021bionale. &#8222;La fel, ilegalitatea atacului american nu atenueaz\u0103 cu nimic responsabilitatea evident\u0103 a responsabililor venezueleni, inclusiv a lui Maduro, pentru anii de represiune \u0219i de violen\u021b\u0103 ce constituie crime contra umanit\u0103\u021bii. Poporul venezuelean cere \u0219i merit\u0103 solu\u021bii pe deplin conforme dreptului interna\u021bional&#8221;, a ad\u0103ugat el.Pre\u0219edintele american Donald Trump a anun\u021bat s\u00e2mb\u0103t\u0103 c\u0103 for\u021bele americane l-au capturat pe Nicolas Maduro dup\u0103 ce au lansat un &#8222;atac de mare anvergur\u0103&#8221; contra Venezuelei, pentru a-l conduce \u00een fa\u021ba unui tribunal din New York, unde s\u0103 r\u0103spund\u0103 \u00een special pentru acuza\u021biile de &#8222;narcoterorism&#8221;.<\/p>\n<p><a title='Operatiunea de capturare a lui Maduro, descrisa de Donald Trump. ,,Vom conduce Venezuela pana cand va avea loc o tranzitie corespunzatoare si sigura\" - VIDEO ' href=\"https:\/\/www.realitatea.net\/stiri\/actual\/operatiunea-de-capturare-a-lui-maduro-descrisa-de-donald-trump-si-jd-vance_6959486b0322887c556a4992\">Opera\u021biunea de capturare a lui Maduro, descris\u0103 de Donald Trump. \u201eVom conduce Venezuela p\u00e2n\u0103 c\u00e2nd va avea loc o tranzi\u021bie corespunz\u0103toare \u0219i sigur\u0103\u201d<\/a>Donald Trump a declarat c\u0103 SUA vor conduce Venezuela p\u00e2n\u0103 c\u00e2nd va putea avea loc \u00een aceast\u0103 \u021bar\u0103 o tranzi\u021bie politic\u0103 &#8222;sigur\u0103&#8221;, \u00eens\u0103 f\u0103r\u0103 a preciza deocamdat\u0103 cum anume.&#8221;Av\u00e2nd \u00een vedere interven\u021bia militar\u0103 american\u0103 \u0219i arestarea lui Nicolas Maduro pentru acuza\u021bii de &#8222;narcoterorism contra SUA \u0219i cet\u0103\u021benilor lor&#8221;, misiunea pentru stabilirea faptelor subliniaz\u0103 necesitatea de a men\u021bine aten\u021bi asupra gravelor \u00eenc\u0103lc\u0103ri ale drepturilor omului \u0219i crimelor contra umanit\u0103\u021bii care au fost comise contra popula\u021biei venezuelene&#8221;, a insistat Marta Valinas, care prezideaz\u0103 aceast\u0103 misiune.Misiunea ONU \u0219i-a exprimat de asemenea &#8222;profunda \u00eengrijorare cu privire la riscul ca noi \u0219i grave \u00eenc\u0103lc\u0103ri ale drepturilor omului s-ar putea produce \u00een zilele \u0219i s\u0103pt\u0103m\u00e2nile urm\u0103toare, \u00een acest context de volatilitate crescut\u0103&#8221;.<\/p>\n<p><a title=\"Fotografiile care arata cum a fost urmarita capturarea lui Maduro, publicate de Casa Alba\" href=\"https:\/\/www.realitatea.net\/stiri\/actual\/fotografiile-care-arata-cum-a-fost-urmarita-capturarea-lui-maduro-publicate-de-casa-alba_6959608a8c6c7a6f06720fe3\">Fotografiile care arat\u0103 cum a fost urm\u0103rit\u0103 capturarea lui Maduro, publicate de Casa Alb\u0103<\/a><\/p>","protected":false},"excerpt":{"rendered":"<p>Aceast\u0103 misiune, mandatat\u0103 din 2019 de Consiliul ONU pentru Drepturile Omului, dar care nu se&hellip;<\/p>\n","protected":false},"author":0,"featured_media":55860,"comment_status":"open","ping_status":"open","sticky":false,"template":"","format":"standard","meta":{"footnotes":""},"categories":[2],"tags":[],"class_list":["post-55870","post","type-post","status-publish","format-standard","has-post-thumbnail","hentry","category-actual"],"_links":{"self":[{"href":"https:\/\/247stiri.ro\/index.php\/wp-json\/wp\/v2\/posts\/55870","targetHints":{"allow":["GET"]}}],"collection":[{"href":"https:\/\/247stiri.ro\/index.php\/wp-json\/wp\/v2\/posts"}],"about":[{"href":"https:\/\/247stiri.ro\/index.php\/wp-json\/wp\/v2\/types\/post"}],"replies":[{"embeddable":true,"href":"https:\/\/247stiri.ro\/index.php\/wp-json\/wp\/v2\/comments?post=55870"}],"version-history":[{"count":0,"href":"https:\/\/247stiri.ro\/index.php\/wp-json\/wp\/v2\/posts\/55870\/revisions"}],"wp:featuredmedia":[{"embeddable":true,"href":"https:\/\/247stiri.ro\/index.php\/wp-json\/wp\/v2\/media\/55860"}],"wp:attachment":[{"href":"https:\/\/247stiri.ro\/index.php\/wp-json\/wp\/v2\/media?parent=55870"}],"wp:term":[{"taxonomy":"category","embeddable":true,"href":"https:\/\/247stiri.ro\/index.php\/wp-json\/wp\/v2\/categories?post=55870"},{"taxonomy":"post_tag","embeddable":true,"href":"https:\/\/247stiri.ro\/index.php\/wp-json\/wp\/v2\/tags?post=55870"}],"curies":[{"name":"wp","href":"https:\/\/api.w.org\/{rel}","templated":true}]}}