{"id":55879,"date":"2026-01-04T15:45:46","date_gmt":"2026-01-04T15:45:46","guid":{"rendered":"https:\/\/247stiri.ro\/index.php\/2026\/01\/04\/se-contureaza-suspendarea-lui-nicusor-dan-si-demisia-lui-ilie-bolojan-cate-semnaturi-s-au-strans-pana-in-prezent\/"},"modified":"2026-01-04T15:45:46","modified_gmt":"2026-01-04T15:45:46","slug":"se-contureaza-suspendarea-lui-nicusor-dan-si-demisia-lui-ilie-bolojan-cate-semnaturi-s-au-strans-pana-in-prezent","status":"publish","type":"post","link":"https:\/\/247stiri.ro\/index.php\/2026\/01\/04\/se-contureaza-suspendarea-lui-nicusor-dan-si-demisia-lui-ilie-bolojan-cate-semnaturi-s-au-strans-pana-in-prezent\/","title":{"rendered":"Se contureaz\u0103 suspendarea lui Nicu\u0219or Dan \u0219i demisia lui Ilie Bolojan. C\u00e2te semn\u0103turi s-au str\u00e2ns p\u00e2n\u0103 \u00een prezent"},"content":{"rendered":"<p>AUR a ini\u021biat oficial demersul pentru suspendarea lui Nicu\u0219or Dan, iar sursele politice vorbesc despre str\u00e2ngerea a aproximativ 120 de semn\u0103turi din cele 155 necesare pentru sus\u021binerea acestui demers \u00een Parlament.<\/p>\n<p>\u00cen perioada imediat urm\u0103toare, reprezentan\u021bii partidului vor intensifica negocierile cu al\u021bi parlamentari, at\u00e2t senatori, c\u00e2t \u0219i deputa\u021bi, pentru a asigura semn\u0103turile restante \u0219i a-\u0219i contura strategia politic\u0103 \u00een perspectiva unui vot care ar putea avea consecin\u021be importante pentru administra\u021bia local\u0103.<\/p>\n<p>Sursele indic\u0103 faptul c\u0103 negocierile sunt \u00een desf\u0103\u0219urare, iar obiectivul este atingerea pragului necesar pentru ca demersul s\u0103 poat\u0103 fi depus oficial. Procesul presupune at\u00e2t discu\u021bii interne, c\u00e2t \u0219i contacte cu parlamentari din alte forma\u021biuni politice.<\/p>\n<p><a title=\"Nicusor Dan tace: zero reactie dupa operatiunea SUA in Venezuela\" href=\"https:\/\/www.realitatea.net\/stiri\/politica\/nicusor-dan-tace-zero-reactie-dupa-operatiunea-sua-in-venezuela_695a1647280f4d450f41ff82\">Nicu\u0219or Dan tace: zero reac\u021bie dup\u0103 opera\u021biunea SUA \u00een Venezuela<\/a><\/p>\n<p>A\u0219teptarea deciziei CCR privind legea pensiilor speciale<\/p>\n<p>Un alt element important este decizia Cur\u021bii Constitu\u021bionale referitoare la legea pensiilor speciale. Aceast\u0103 hot\u0103r\u00e2re este considerat\u0103 un punct de inflexiune, deoarece, \u00een cazul \u00een care legea nu va trece, exist\u0103 informa\u021bii conform c\u0103rora premierul Ilie Bolojan ar putea p\u0103r\u0103si func\u021bia de conducere a executivului.<\/p>\n<p>Decizia CCR este a\u0219teptat\u0103 pe 16 ianuarie, cu posibilitatea unei noi am\u00e2n\u0103ri. \u00cen func\u021bie de verdict, pot ap\u0103rea schimb\u0103ri majore \u00een structura guvernamental\u0103 sau \u00een dinamica politic\u0103 din perioada urm\u0103toare.<\/p>\n<p>Cele dou\u0103 direc\u021bii, suspendarea lui Nicu\u0219or Dan \u0219i posibilele evolu\u021bii legate de premier, sunt discutate \u00een paralel \u00een mediul politic. Ambele pot influen\u021ba echilibrul de putere \u0219i pot genera reac\u021bii \u00een lan\u021b \u00een interiorul partidelor \u0219i \u00een rela\u021biile dintre acestea.<\/p>\n<p><a title=\"Cum a justificat Bolojan masura cresterii taxelor si impozitelor locale. Declaratii recente cu privire la impovararea romanilor\" href=\"https:\/\/www.realitatea.net\/stiri\/actual\/cum-a-justificat-bolojan-masura-cresterii-taxelor-si-impozitelor-locale-declaratii-recente-cu-privire-la-impovararea-romanilor_69597b62cd7a355f0a393f45\">Cum a justificat Bolojan m\u0103sura cre\u0219terii taxelor \u0219i impozitelor locale. Declara\u021bii recente cu privire la \u00eempov\u0103rarea rom\u00e2nilor<\/a><\/p>","protected":false},"excerpt":{"rendered":"<p>AUR a ini\u021biat oficial demersul pentru suspendarea lui Nicu\u0219or Dan, iar sursele politice vorbesc despre&hellip;<\/p>\n","protected":false},"author":0,"featured_media":55880,"comment_status":"open","ping_status":"open","sticky":false,"template":"","format":"standard","meta":{"footnotes":""},"categories":[3],"tags":[],"class_list":["post-55879","post","type-post","status-publish","format-standard","has-post-thumbnail","hentry","category-politica"],"_links":{"self":[{"href":"https:\/\/247stiri.ro\/index.php\/wp-json\/wp\/v2\/posts\/55879","targetHints":{"allow":["GET"]}}],"collection":[{"href":"https:\/\/247stiri.ro\/index.php\/wp-json\/wp\/v2\/posts"}],"about":[{"href":"https:\/\/247stiri.ro\/index.php\/wp-json\/wp\/v2\/types\/post"}],"replies":[{"embeddable":true,"href":"https:\/\/247stiri.ro\/index.php\/wp-json\/wp\/v2\/comments?post=55879"}],"version-history":[{"count":0,"href":"https:\/\/247stiri.ro\/index.php\/wp-json\/wp\/v2\/posts\/55879\/revisions"}],"wp:featuredmedia":[{"embeddable":true,"href":"https:\/\/247stiri.ro\/index.php\/wp-json\/wp\/v2\/media\/55880"}],"wp:attachment":[{"href":"https:\/\/247stiri.ro\/index.php\/wp-json\/wp\/v2\/media?parent=55879"}],"wp:term":[{"taxonomy":"category","embeddable":true,"href":"https:\/\/247stiri.ro\/index.php\/wp-json\/wp\/v2\/categories?post=55879"},{"taxonomy":"post_tag","embeddable":true,"href":"https:\/\/247stiri.ro\/index.php\/wp-json\/wp\/v2\/tags?post=55879"}],"curies":[{"name":"wp","href":"https:\/\/api.w.org\/{rel}","templated":true}]}}