{"id":55881,"date":"2026-01-04T15:45:47","date_gmt":"2026-01-04T15:45:47","guid":{"rendered":"https:\/\/247stiri.ro\/index.php\/2026\/01\/04\/cum-arata-inchisoarea-federala-din-new-york-unde-a-fost-incarcerat-nicolas-maduro-este-supranumita-iadul-pe-pamant-foto\/"},"modified":"2026-01-04T15:45:47","modified_gmt":"2026-01-04T15:45:47","slug":"cum-arata-inchisoarea-federala-din-new-york-unde-a-fost-incarcerat-nicolas-maduro-este-supranumita-iadul-pe-pamant-foto","status":"publish","type":"post","link":"https:\/\/247stiri.ro\/index.php\/2026\/01\/04\/cum-arata-inchisoarea-federala-din-new-york-unde-a-fost-incarcerat-nicolas-maduro-este-supranumita-iadul-pe-pamant-foto\/","title":{"rendered":"Cum arat\u0103 \u00eenchisoarea federal\u0103 din New York unde a fost \u00eencarcerat Nicolas Maduro. Este supranumit\u0103 \u201eIadul pe P\u0103m\u00e2nt\u201d. FOTO"},"content":{"rendered":"<p>Aflat \u00een districtul Brooklyn, centrul a primit de-a lungul anilor eticheta de \u201eIadul pe P\u0103m\u00e2nt\u201d. Este considerat una dintre cele mai dure \u00eenchisori din New York, al\u0103turi de Rikers, fiind vizat \u00een numeroase sesiz\u0103ri privind lipsa personalului, violen\u021bele din interior \u0219i condi\u021biile dificile din celule.<\/p>\n\n<p>Dup\u0103 \u00eenchiderea Centrului Corec\u021bional Metropolitan din sudul Manhattanului, aproximativ 1.200 de persoane sunt de\u021binute \u00een aceast\u0103 unitate, \u00een a\u0219teptarea proceselor din fa\u021ba tribunalelor federale.<\/p>\n<p>M\u0103rturii despre condi\u021biile din interior<\/p>\n<p>Fosta de\u021binut\u0103 Ghislaine Maxwell, partener\u0103 \u0219i complice a lui Jeffrey Epstein, a descris condi\u021biile din MDC drept \u201einumane, crude \u0219i degradante\u201d, compar\u00e2nd celula \u00een care a stat cu cea a personajului Hannibal Lecter din \u201eT\u0103cerea mieilor\u201d.<\/p>\n\n<p>Un alt de\u021binut, Genaro Garcia Luna, fost secretar mexican pentru securitate public\u0103, a relatat \u00eentr-o scrisoare f\u0103cut\u0103 public\u0103 de avocatul s\u0103u c\u0103 a asistat la omoruri \u0219i \u00eenjunghieri \u00een interiorul centrului.<\/p>\n<p>Al\u021bi de\u021binu\u021bi celebri care au trecut prin MDC<\/p>\n<p>\u00cen 2024, \u00een list\u0103 a fost ad\u0103ugat \u0219i Luigi Mangione, acuzat de uciderea directorului executiv al UnitedHealthcare, persoan\u0103 care ar fi avut leg\u0103turi cu Sean \u201eDiddy\u201d Combs.<\/p>\n<p>Michael Cohen, fost consilier al pre\u0219edintelui Donald Trump, a fost \u0219i el \u00eencarcerat aici \u00een 2020 pentru acuza\u021bii precum evaziune fiscal\u0103. Acesta \u00ee\u0219i amintea c\u0103 \u00een aceea\u0219i perioad\u0103 se afla \u00een centru \u0219i Combs.<\/p>\n<p>\u201e(Combs) se trezise pe un pat de o\u021bel cu o saltea de 3,5 cm, f\u0103r\u0103 pern\u0103, \u00eentr-o celul\u0103 de 2,4 x 3 metri, care, v\u0103 asigur, este dezgust\u0103toare\u201d, a declarat Cohen, men\u021bion\u00e2nd c\u0103 \u00een primele zile de izolare nu a avut acces la c\u0103r\u021bi.<\/p>\n\n<p><a title=\"Fotografiile care arata cum a fost urmarita capturarea lui Maduro, publicate de Casa Alba\" href=\"https:\/\/www.realitatea.net\/stiri\/actual\/fotografiile-care-arata-cum-a-fost-urmarita-capturarea-lui-maduro-publicate-de-casa-alba_6959608a8c6c7a6f06720fe3\">Fotografiile care arat\u0103 cum a fost urm\u0103rit\u0103 capturarea lui Maduro, publicate de Casa Alb\u0103<\/a><\/p>\n<p>De\u021binu\u021bi afla\u021bi \u00een prezent \u00een a\u0219teptarea proceselor<\/p>\n<p>\u00cen acest moment, printre cei \u00eencarcera\u021bi se afl\u0103 \u0219i Ismael \u201eEl Mayo\u201d Zambada Garcia, considerat lider al cartelului Sinaloa, care a\u0219teapt\u0103 s\u0103 fie judecat pentru acuza\u021bii de crim\u0103 \u0219i trafic de droguri.<\/p>\n<p>Protestele declan\u0219ate de condi\u021biile din 2019<\/p>\n<p>\u00cen 2019, centrul a devenit subiect de proteste dup\u0103 o s\u0103pt\u0103m\u00e2n\u0103 \u00een care alimentarea cu electricitate \u0219i \u00eenc\u0103lzirea au func\u021bionat doar par\u021bial.<\/p>\n<p>\u00cen \u00eenregistr\u0103rile video ap\u0103rute pe re\u021belele sociale, numero\u0219i de\u021binu\u021bi loveau geamurile cu diverse obiecte pentru a cere ajutor, \u00een timp ce temperaturile din New York cobor\u00e2ser\u0103 p\u00e2n\u0103 la -15 grade Celsius. Avoca\u021bii au raportat \u0219i lipsa serviciilor medicale \u00een acea perioad\u0103.<\/p>\n<p>Anchete \u0219i desp\u0103gubiri dup\u0103 incident<\/p>\n<p>Ca urmare a situa\u021biei, Departamentul de Justi\u021bie a deschis o investiga\u021bie pentru a verifica dac\u0103 Biroul Penitenciarelor avea \u201eplanuri de urgen\u021b\u0103 adecvate\u201d pentru a gestiona astfel de condi\u021bii.<\/p>\n<p>Ulterior, de\u021binu\u021bii au ini\u021biat un proces colectiv, iar 1.600 dintre ei au primit desp\u0103gubiri totale de aproximativ zece milioane de dolari pentru frigul \u0219i condi\u021biile inumane suportate \u00een timpul \u00eentreruperii aliment\u0103rii cu energie electric\u0103.<\/p>\n<p><a title=\"Noi probleme pentru Maduro. O misiune de ancheta a ONU vrea sa il aduca in fata justitiei pentru grave incalcari ale drepturilor omului\" href=\"https:\/\/www.realitatea.net\/stiri\/actual\/noi-probleme-pentru-maduro-o-misiune-de-ancheta-a-onu-vrea-sa-il-aduca-in-fata-justitiei-pentru-grave-incalcari-ale-drepturilor-omului_695a7937ad028800f372c667\">Noi probleme pentru Maduro. O misiune de anchet\u0103 a ONU vrea s\u0103 \u00eel aduc\u0103 \u00een fa\u021ba justi\u021biei pentru grave \u00eenc\u0103lc\u0103ri ale drepturilor omului<\/a><\/p>","protected":false},"excerpt":{"rendered":"<p>Aflat \u00een districtul Brooklyn, centrul a primit de-a lungul anilor eticheta de \u201eIadul pe P\u0103m\u00e2nt\u201d.&hellip;<\/p>\n","protected":false},"author":0,"featured_media":55876,"comment_status":"open","ping_status":"open","sticky":false,"template":"","format":"standard","meta":{"footnotes":""},"categories":[2],"tags":[],"class_list":["post-55881","post","type-post","status-publish","format-standard","has-post-thumbnail","hentry","category-actual"],"_links":{"self":[{"href":"https:\/\/247stiri.ro\/index.php\/wp-json\/wp\/v2\/posts\/55881","targetHints":{"allow":["GET"]}}],"collection":[{"href":"https:\/\/247stiri.ro\/index.php\/wp-json\/wp\/v2\/posts"}],"about":[{"href":"https:\/\/247stiri.ro\/index.php\/wp-json\/wp\/v2\/types\/post"}],"replies":[{"embeddable":true,"href":"https:\/\/247stiri.ro\/index.php\/wp-json\/wp\/v2\/comments?post=55881"}],"version-history":[{"count":0,"href":"https:\/\/247stiri.ro\/index.php\/wp-json\/wp\/v2\/posts\/55881\/revisions"}],"wp:featuredmedia":[{"embeddable":true,"href":"https:\/\/247stiri.ro\/index.php\/wp-json\/wp\/v2\/media\/55876"}],"wp:attachment":[{"href":"https:\/\/247stiri.ro\/index.php\/wp-json\/wp\/v2\/media?parent=55881"}],"wp:term":[{"taxonomy":"category","embeddable":true,"href":"https:\/\/247stiri.ro\/index.php\/wp-json\/wp\/v2\/categories?post=55881"},{"taxonomy":"post_tag","embeddable":true,"href":"https:\/\/247stiri.ro\/index.php\/wp-json\/wp\/v2\/tags?post=55881"}],"curies":[{"name":"wp","href":"https:\/\/api.w.org\/{rel}","templated":true}]}}