{"id":55882,"date":"2026-01-04T15:45:48","date_gmt":"2026-01-04T15:45:48","guid":{"rendered":"https:\/\/247stiri.ro\/index.php\/2026\/01\/04\/un-primar-din-braila-a-fost-jefuit-chiar-in-noaptea-de-revelion-greseala-care-le-a-inlesnit-hotilor-accesul-in-casa\/"},"modified":"2026-01-04T15:45:48","modified_gmt":"2026-01-04T15:45:48","slug":"un-primar-din-braila-a-fost-jefuit-chiar-in-noaptea-de-revelion-greseala-care-le-a-inlesnit-hotilor-accesul-in-casa","status":"publish","type":"post","link":"https:\/\/247stiri.ro\/index.php\/2026\/01\/04\/un-primar-din-braila-a-fost-jefuit-chiar-in-noaptea-de-revelion-greseala-care-le-a-inlesnit-hotilor-accesul-in-casa\/","title":{"rendered":"Un primar din Br\u0103ila a fost jefuit chiar \u00een noaptea de Revelion. Gre\u0219eala care le-a \u00eenlesnit ho\u021bilor accesul \u00een cas\u0103"},"content":{"rendered":"<p>Primele date ale anchetei arat\u0103 c\u0103 persoanele implicate ar fi p\u0103truns \u00een imobil prin geamul b\u0103ii. Accesul ar fi fost posibil datorit\u0103 unei case vecine abandonate, situat\u0103 chiar \u00een dreptul zonei prin care s-a f\u0103cut intrarea. \u00cen momentul producerii jafului, primarul nu se afla la domiciliu.<\/p>\n<p>Sesizarea autorit\u0103\u021bilor prin apel la 112<\/p>\n<p>\u00cen aceea\u0219i zi, \u00een jurul orei 22:00, poli\u021bi\u0219tii Sec\u021biei 3 Poli\u021bie Rural\u0103 F\u0103urei au fost anun\u021ba\u021bi printr-un apel la 112 de un b\u0103rbat de 45 de ani din comun\u0103, care a reclamat dispari\u021bia unor bunuri din locuin\u021b\u0103. Sesizarea a declan\u0219at interven\u021bia imediat\u0103 a echipajelor de poli\u021bie.<\/p>\n<p>Cercet\u0103ri pentru furt calificat<\/p>\n<p>Poli\u021bi\u0219tii au deschis un dosar penal pentru furt calificat \u0219i continu\u0103 investiga\u021biile pentru a stabili modul exact \u00een care a fost comis\u0103 fapta. Ancheta urm\u0103re\u0219te identificarea persoanei sau persoanelor responsabile.<\/p>\n<p>Valoarea prejudiciului anun\u021bat\u0103 de primar<\/p>\n<p>Gabriel Dr\u0103gu\u021b a confirmat incidentul \u0219i a precizat c\u0103 din locuin\u021b\u0103 au disp\u0103rut aproximativ 50.000 de lei. Cercet\u0103rile sunt \u00een desf\u0103\u0219urare.<\/p>\n<p><a title=\"Jaf spectaculos de Craciun intr-o banca din Germania: hotii au furat 30 de milioane de euro fara sa fie observati\" href=\"https:\/\/www.realitatea.net\/stiri\/actual\/jaf-spectaculos-de-craciun-intro-banca-din-germania-hotii-au-furat-30-de-milioane-de-euro-fara-sa-fie-observati_6953f53f9b8bb4364538b9c7\">Jaf spectaculos de Cr\u0103ciun \u00eentr-o banc\u0103 din Germania: ho\u021bii au furat 30 de milioane de euro f\u0103r\u0103 s\u0103 fie observa\u021bi<\/a><\/p>","protected":false},"excerpt":{"rendered":"<p>Primele date ale anchetei arat\u0103 c\u0103 persoanele implicate ar fi p\u0103truns \u00een imobil prin geamul&hellip;<\/p>\n","protected":false},"author":0,"featured_media":55883,"comment_status":"open","ping_status":"open","sticky":false,"template":"","format":"standard","meta":{"footnotes":""},"categories":[2],"tags":[],"class_list":["post-55882","post","type-post","status-publish","format-standard","has-post-thumbnail","hentry","category-actual"],"_links":{"self":[{"href":"https:\/\/247stiri.ro\/index.php\/wp-json\/wp\/v2\/posts\/55882","targetHints":{"allow":["GET"]}}],"collection":[{"href":"https:\/\/247stiri.ro\/index.php\/wp-json\/wp\/v2\/posts"}],"about":[{"href":"https:\/\/247stiri.ro\/index.php\/wp-json\/wp\/v2\/types\/post"}],"replies":[{"embeddable":true,"href":"https:\/\/247stiri.ro\/index.php\/wp-json\/wp\/v2\/comments?post=55882"}],"version-history":[{"count":0,"href":"https:\/\/247stiri.ro\/index.php\/wp-json\/wp\/v2\/posts\/55882\/revisions"}],"wp:featuredmedia":[{"embeddable":true,"href":"https:\/\/247stiri.ro\/index.php\/wp-json\/wp\/v2\/media\/55883"}],"wp:attachment":[{"href":"https:\/\/247stiri.ro\/index.php\/wp-json\/wp\/v2\/media?parent=55882"}],"wp:term":[{"taxonomy":"category","embeddable":true,"href":"https:\/\/247stiri.ro\/index.php\/wp-json\/wp\/v2\/categories?post=55882"},{"taxonomy":"post_tag","embeddable":true,"href":"https:\/\/247stiri.ro\/index.php\/wp-json\/wp\/v2\/tags?post=55882"}],"curies":[{"name":"wp","href":"https:\/\/api.w.org\/{rel}","templated":true}]}}