{"id":55893,"date":"2026-01-04T16:45:07","date_gmt":"2026-01-04T16:45:07","guid":{"rendered":"https:\/\/247stiri.ro\/index.php\/2026\/01\/04\/cine-este-romanul-care-a-murit-in-incendiul-din-crans-montana-desi-locuia-in-elvetia-vizita-des-romania-video\/"},"modified":"2026-01-04T16:45:07","modified_gmt":"2026-01-04T16:45:07","slug":"cine-este-romanul-care-a-murit-in-incendiul-din-crans-montana-desi-locuia-in-elvetia-vizita-des-romania-video","status":"publish","type":"post","link":"https:\/\/247stiri.ro\/index.php\/2026\/01\/04\/cine-este-romanul-care-a-murit-in-incendiul-din-crans-montana-desi-locuia-in-elvetia-vizita-des-romania-video\/","title":{"rendered":"Cine este rom\u00e2nul care a murit \u00een incendiul din Crans-Montana. De\u0219i locuia \u00een Elve\u021bia, vizita des Rom\u00e2nia. VIDEO"},"content":{"rendered":"<p>\u00cen ziua tragediei, familia a \u00eencercat f\u0103r\u0103 succes s\u0103 ia leg\u0103tura cu el. Ini\u021bial, t\u00e2n\u0103rul a fost declarat disp\u0103rut, dup\u0103 ce mama sa nu a mai reu\u0219it s\u0103 \u00eel contacteze imediat dup\u0103 izbucnirea incendiului. Ulterior, autorit\u0103\u021bile elve\u021biene au confirmat decesul, iar informa\u021bia a fost transmis\u0103 \u0219i autorit\u0103\u021bilor rom\u00e2ne.<\/p>\n<p>Cine era Guillaume Oana<\/p>\n<p>T\u00e2n\u0103rul se numea Guillaume Oana, avea 18 ani \u0219i se afla \u00een sta\u021biunea Crans-Montana, una dintre cele mai cunoscute destina\u021bii de schi din Elve\u021bia. Venise acolo pentru a petrece Revelionul al\u0103turi de un grup de tineri \u0219i ajunsese \u00een zon\u0103 cu un avion privat.<\/p>\n<p>Momentul tragediei<\/p>\n<p>Incendiul s-a produs \u00eentr-un club de noapte, \u00een jurul orei 1:30, chiar \u00een timpul petrecerii de Anul Nou. Dup\u0103 izbucnirea focului, mama lui nu a mai reu\u0219it s\u0103 \u00eel contacteze \u0219i a decis s\u0103 \u00eel declare disp\u0103rut.<\/p>\n<p>Mesajele disperate ale familiei<\/p>\n<p>Cu dou\u0103 zile \u00eenainte ca autorit\u0103\u021bile s\u0103 confirme oficial decesul, mama t\u00e2n\u0103rului a publicat pe re\u021belele de socializare un mesaj \u00een care scria: \u201eNu am nicio veste despre fiul meu\u201d.<\/p>\n<p>Apelurile publice ale prietenilor<\/p>\n<p>\u00cen ultimele zile, at\u00e2t mama, c\u00e2t \u0219i prietenii b\u0103iatului au lansat apeluri publice \u00een speran\u021ba c\u0103 cineva ar putea oferi informa\u021bii despre el.<\/p>\n<p>Un prieten al s\u0103u a publicat pe TikTok un videoclip \u00een care era filmat Guillaume, cu explica\u021bia: \u201dPrietenul meu\u00a0 Guillaume Oana a disp\u0103rut dup\u0103 incendiul de la Constela\u021bia din Crans-Montana. Dac\u0103\u00a0 ave\u021bi orice informa\u021bii despre el, v\u0103 rog contacta\u021bi-m\u0103\u201d<\/p>\n<p><a title=\"@au.kiwi\" href=\"https:\/\/www.tiktok.com\/@au.kiwi?refer=embed\" target=\"_blank\">@au.kiwi<\/a> <a title=\"constellation\" href=\"https:\/\/www.tiktok.com\/tag\/constellation?refer=embed\" target=\"_blank\">#constellation<\/a> <a title=\"cransmontana\" href=\"https:\/\/www.tiktok.com\/tag\/cransmontana?refer=embed\" target=\"_blank\">#cransmontana<\/a> <a title=\"\u266c suara asli - letdown - aryo\" href=\"https:\/\/www.tiktok.com\/music\/suara-asli-letdown-7586765024140610322?refer=embed\" target=\"_blank\">\u266c suara asli &#8211; letdown &#8211; aryo<\/a><\/p>\n<p>\u201ePrietenii mei au disp\u0103rut ieri, \u00een timpul incendiului din Crans-Montana. Dac\u0103 ave\u021bi orice informa\u021bie sau i-a\u021bi v\u0103zut, v\u0103 rug\u0103m s\u0103 ne contacta\u021bi. V\u0103 rug\u0103m s\u0103 distribui\u021bi acest mesaj c\u00e2t mai mult posibil.\u201d, se arat\u0103 \u00eentr-un mesaj publicat pe re\u021belele sociale.<\/p>\n\n<p><a title=\"Bilantul incendiului din Crans-Montana creste: 16 victime noi identificate, printre ele si cetateanul roman\" href=\"https:\/\/www.realitatea.net\/stiri\/extern\/bilantul-incendiului-din-cransmontana-creste-16-victime-noi-identificate-printre-ele-si-cetateanul-roman_695a43cd589e7a1b1b19f4e2\">Bilan\u021bul incendiului din Crans-Montana cre\u0219te: 16 victime noi identificate, printre ele \u0219i cet\u0103\u021beanul rom\u00e2n<\/a><\/p>","protected":false},"excerpt":{"rendered":"<p>\u00cen ziua tragediei, familia a \u00eencercat f\u0103r\u0103 succes s\u0103 ia leg\u0103tura cu el. Ini\u021bial, t\u00e2n\u0103rul&hellip;<\/p>\n","protected":false},"author":0,"featured_media":55894,"comment_status":"open","ping_status":"open","sticky":false,"template":"","format":"standard","meta":{"footnotes":""},"categories":[2],"tags":[],"class_list":["post-55893","post","type-post","status-publish","format-standard","has-post-thumbnail","hentry","category-actual"],"_links":{"self":[{"href":"https:\/\/247stiri.ro\/index.php\/wp-json\/wp\/v2\/posts\/55893","targetHints":{"allow":["GET"]}}],"collection":[{"href":"https:\/\/247stiri.ro\/index.php\/wp-json\/wp\/v2\/posts"}],"about":[{"href":"https:\/\/247stiri.ro\/index.php\/wp-json\/wp\/v2\/types\/post"}],"replies":[{"embeddable":true,"href":"https:\/\/247stiri.ro\/index.php\/wp-json\/wp\/v2\/comments?post=55893"}],"version-history":[{"count":0,"href":"https:\/\/247stiri.ro\/index.php\/wp-json\/wp\/v2\/posts\/55893\/revisions"}],"wp:featuredmedia":[{"embeddable":true,"href":"https:\/\/247stiri.ro\/index.php\/wp-json\/wp\/v2\/media\/55894"}],"wp:attachment":[{"href":"https:\/\/247stiri.ro\/index.php\/wp-json\/wp\/v2\/media?parent=55893"}],"wp:term":[{"taxonomy":"category","embeddable":true,"href":"https:\/\/247stiri.ro\/index.php\/wp-json\/wp\/v2\/categories?post=55893"},{"taxonomy":"post_tag","embeddable":true,"href":"https:\/\/247stiri.ro\/index.php\/wp-json\/wp\/v2\/tags?post=55893"}],"curies":[{"name":"wp","href":"https:\/\/api.w.org\/{rel}","templated":true}]}}