{"id":55897,"date":"2026-01-04T17:45:02","date_gmt":"2026-01-04T17:45:02","guid":{"rendered":"https:\/\/247stiri.ro\/index.php\/2026\/01\/04\/rezistul-de-la-aparare-s-a-filmat-in-timp-ce-dadea-la-zapada-internautii-l-au-apostrofat-norocosul-are-casa-la-ranca\/"},"modified":"2026-01-04T17:45:02","modified_gmt":"2026-01-04T17:45:02","slug":"rezistul-de-la-aparare-s-a-filmat-in-timp-ce-dadea-la-zapada-internautii-l-au-apostrofat-norocosul-are-casa-la-ranca","status":"publish","type":"post","link":"https:\/\/247stiri.ro\/index.php\/2026\/01\/04\/rezistul-de-la-aparare-s-a-filmat-in-timp-ce-dadea-la-zapada-internautii-l-au-apostrofat-norocosul-are-casa-la-ranca\/","title":{"rendered":"Rezistul de la Ap\u0103rare s-a filmat \u00een timp ce d\u0103dea la z\u0103pad\u0103. Internau\u021bii l-au apostrofat: \u201eNorocosul are casa la R\u00e2nca\u201d"},"content":{"rendered":"<p>\u00cen timp ce discursul public este dominat de teme grele, de la securitatea na\u021bional\u0103 p\u00e2n\u0103 la echilibrele fragile din regiune, un episod aparent banal a reu\u0219it s\u0103 capteze aten\u021bia re\u021belelor sociale \u0219i s\u0103 st\u00e2rneasc\u0103 un val de reac\u021bii.<\/p>\n<p>Radu Miru\u021b\u0103, noul ministru al Ap\u0103r\u0103rii, a ales s\u0103 se afi\u0219eze \u00eentr-un cadru de vacan\u021b\u0103 la R\u00e2nca, unde, \u00een loc de \u0219edin\u021be, strategii \u0219i analize, a intrat \u00een rolul de operator de utilaj pentru desz\u0103pezire. Videoclipul \u00eel arat\u0103 manevr\u00e2nd o frez\u0103 motorizat\u0103, cu un aer relaxat, de parc\u0103 agenda zilei s-ar fi redus la stratul de z\u0103pad\u0103 din fa\u021ba cabanei.<\/p>\n\n<p>Freza, vedeta momentului<\/p>\n<p>\u00cenarmat cu utilajul, ministrul se filmeaz\u0103 \u00een timp ce \u201elupt\u0103\u201d cu om\u0103tul, \u00eentr-o demonstra\u021bie de h\u0103rnicie care a l\u0103sat loc multor interpret\u0103ri.<\/p>\n<p>\u201eR\u00e2nca e mirific\u0103 \u0219i vara \u0219i iarna, dar parc\u0103 atunci c\u00e2nd e de-a dreptul acoperit\u0103 de zapad\u0103, e frumuse\u021bea absolut\u0103. Pentru frumuse\u021bea asta m-am str\u0103duit s\u0103 fie declarat\u0103 sta\u021biune de interes na\u021bional\u201d, a transmis Radu Miru\u021b\u0103, pe pagina sa de Facebook.<\/p>\n<p>Ministrul afirm\u0103 c\u0103, de dou\u0103 zile, la R\u00e2nca \u201eninge cam \u00eencontinuu\u201d, \u201eiar cine nu face p\u00e2rtie e rost de b\u00e2rf\u0103 \u00eentre vecini diminea\u021ba la cafeaua b\u0103ut\u0103 \u00een strad\u0103\u201d.<\/p>\n<p>Reac\u021biile internau\u021bilor au fost variate. Un utilizator l-a apostrofat: \u201eNorocosul are casa la R\u00e2nca s\u0103 se \u00een\u021beleag\u0103 vecini &#8230;.cum e norocosule de ai f\u0103cut a\u0219a avere s\u0103 iei cas\u0103 acolo\u201d.<\/p>\n<p><a title=\"Rezistii incep anul cu un nou scandal. Aberatiile lui Schwartz: acuza televizunea publica de discriminare \" href=\"https:\/\/www.realitatea.net\/stiri\/actual\/rezistii-incep-anul-cu-un-nou-scandal-aberatiile-lui-schwartz-acuza-televizunea-publica-de-discriminare_695807503692f35346375357\">Rezi\u0219tii \u00eencep anul cu un nou scandal. Abera\u021biile lui Schwartz: acuz\u0103 televizunea public\u0103 de discriminare<\/a><\/p>\n<p>\u00a0<\/p>","protected":false},"excerpt":{"rendered":"<p>\u00cen timp ce discursul public este dominat de teme grele, de la securitatea na\u021bional\u0103 p\u00e2n\u0103&hellip;<\/p>\n","protected":false},"author":0,"featured_media":55898,"comment_status":"open","ping_status":"open","sticky":false,"template":"","format":"standard","meta":{"footnotes":""},"categories":[2],"tags":[],"class_list":["post-55897","post","type-post","status-publish","format-standard","has-post-thumbnail","hentry","category-actual"],"_links":{"self":[{"href":"https:\/\/247stiri.ro\/index.php\/wp-json\/wp\/v2\/posts\/55897","targetHints":{"allow":["GET"]}}],"collection":[{"href":"https:\/\/247stiri.ro\/index.php\/wp-json\/wp\/v2\/posts"}],"about":[{"href":"https:\/\/247stiri.ro\/index.php\/wp-json\/wp\/v2\/types\/post"}],"replies":[{"embeddable":true,"href":"https:\/\/247stiri.ro\/index.php\/wp-json\/wp\/v2\/comments?post=55897"}],"version-history":[{"count":0,"href":"https:\/\/247stiri.ro\/index.php\/wp-json\/wp\/v2\/posts\/55897\/revisions"}],"wp:featuredmedia":[{"embeddable":true,"href":"https:\/\/247stiri.ro\/index.php\/wp-json\/wp\/v2\/media\/55898"}],"wp:attachment":[{"href":"https:\/\/247stiri.ro\/index.php\/wp-json\/wp\/v2\/media?parent=55897"}],"wp:term":[{"taxonomy":"category","embeddable":true,"href":"https:\/\/247stiri.ro\/index.php\/wp-json\/wp\/v2\/categories?post=55897"},{"taxonomy":"post_tag","embeddable":true,"href":"https:\/\/247stiri.ro\/index.php\/wp-json\/wp\/v2\/tags?post=55897"}],"curies":[{"name":"wp","href":"https:\/\/api.w.org\/{rel}","templated":true}]}}