{"id":55962,"date":"2026-01-05T06:46:16","date_gmt":"2026-01-05T06:46:16","guid":{"rendered":"https:\/\/247stiri.ro\/index.php\/2026\/01\/05\/15-persoane-s-au-autoevacuat-dupa-un-incendiu-puternic-intr-un-bloc-din-uricani-video\/"},"modified":"2026-01-05T06:46:16","modified_gmt":"2026-01-05T06:46:16","slug":"15-persoane-s-au-autoevacuat-dupa-un-incendiu-puternic-intr-un-bloc-din-uricani-video","status":"publish","type":"post","link":"https:\/\/247stiri.ro\/index.php\/2026\/01\/05\/15-persoane-s-au-autoevacuat-dupa-un-incendiu-puternic-intr-un-bloc-din-uricani-video\/","title":{"rendered":"15 persoane s-au autoevacuat dup\u0103 un incendiu puternic \u00eentr-un bloc din Uricani &#8211; VIDEO"},"content":{"rendered":"<p>Incendiul a avut loc la etajul al doilea al cl\u0103dirii de locuin\u021be.<\/p>\n<p>\u201dPompierii G\u0103rzii de Interven\u0163ie Lupeni \u015fi cei ai Deta\u015famentului Petro\u015fani au intervenit \u00een aceast\u0103 sear\u0103 pe aleea Teilor din localitatea Uricani, unde un incendiu a izbucnit \u00eentr-un apartament situat la etajul 2 al unui bloc\u201d,, a transmis, duminic\u0103 sear\u0103, ISU Hunedoara.<\/p>\n<p>La fa\u0163a locului, salvatorii s-au mobilizat cu dou\u0103 autospeciale de stingere cu ap\u0103 \u015fi spum\u0103 \u015fi o ambulan\u0163\u0103 SMURD.\u00a0<\/p>\n<p>\u201d\u00cen cel mai scurt timp, colegii no\u015ftri au localizat \u015fi au stins incendiul, \u00een urma c\u0103ruia a fost afectat\u0103 \u00eentreaga locuin\u0163\u0103, cu suprafa\u0163a de aproximativ 90 de metri p\u0103tra\u0163i. Din cauza degaj\u0103rilor mari de fum, 15 persoane s-au autoevacuat \u015fi din fericire, nimeni nu a avut nevoie de \u00eengrijiri medicale\u201d, au men\u0163ionat pompierii.<\/p>\n<p>Echipajele operative au ac\u0163ionat pentru ventilarea apartamentului \u015fi a casei sc\u0103rii, dup\u0103 care, to\u0163i locatarii s-au putut \u00eentoarce \u00een apartamente.\u00a0<\/p>\n<p>Cauza probabil\u0103 de producere a incendiului urmeaz\u0103 a fi stabilit\u0103.<\/p>","protected":false},"excerpt":{"rendered":"<p>Incendiul a avut loc la etajul al doilea al cl\u0103dirii de locuin\u021be. \u201dPompierii G\u0103rzii de&hellip;<\/p>\n","protected":false},"author":0,"featured_media":55963,"comment_status":"open","ping_status":"open","sticky":false,"template":"","format":"standard","meta":{"footnotes":""},"categories":[2],"tags":[],"class_list":["post-55962","post","type-post","status-publish","format-standard","has-post-thumbnail","hentry","category-actual"],"_links":{"self":[{"href":"https:\/\/247stiri.ro\/index.php\/wp-json\/wp\/v2\/posts\/55962","targetHints":{"allow":["GET"]}}],"collection":[{"href":"https:\/\/247stiri.ro\/index.php\/wp-json\/wp\/v2\/posts"}],"about":[{"href":"https:\/\/247stiri.ro\/index.php\/wp-json\/wp\/v2\/types\/post"}],"replies":[{"embeddable":true,"href":"https:\/\/247stiri.ro\/index.php\/wp-json\/wp\/v2\/comments?post=55962"}],"version-history":[{"count":0,"href":"https:\/\/247stiri.ro\/index.php\/wp-json\/wp\/v2\/posts\/55962\/revisions"}],"wp:featuredmedia":[{"embeddable":true,"href":"https:\/\/247stiri.ro\/index.php\/wp-json\/wp\/v2\/media\/55963"}],"wp:attachment":[{"href":"https:\/\/247stiri.ro\/index.php\/wp-json\/wp\/v2\/media?parent=55962"}],"wp:term":[{"taxonomy":"category","embeddable":true,"href":"https:\/\/247stiri.ro\/index.php\/wp-json\/wp\/v2\/categories?post=55962"},{"taxonomy":"post_tag","embeddable":true,"href":"https:\/\/247stiri.ro\/index.php\/wp-json\/wp\/v2\/tags?post=55962"}],"curies":[{"name":"wp","href":"https:\/\/api.w.org\/{rel}","templated":true}]}}