{"id":55964,"date":"2026-01-05T06:46:17","date_gmt":"2026-01-05T06:46:17","guid":{"rendered":"https:\/\/247stiri.ro\/index.php\/2026\/01\/05\/curtea-de-apel-bucuresti-judeca-solicitarea-de-suspendare-a-decretelor-prin-care-au-fost-numiti-2-judecatori-ai-curtii-constitutionale\/"},"modified":"2026-01-05T06:46:17","modified_gmt":"2026-01-05T06:46:17","slug":"curtea-de-apel-bucuresti-judeca-solicitarea-de-suspendare-a-decretelor-prin-care-au-fost-numiti-2-judecatori-ai-curtii-constitutionale","status":"publish","type":"post","link":"https:\/\/247stiri.ro\/index.php\/2026\/01\/05\/curtea-de-apel-bucuresti-judeca-solicitarea-de-suspendare-a-decretelor-prin-care-au-fost-numiti-2-judecatori-ai-curtii-constitutionale\/","title":{"rendered":"Curtea de apel Bucure\u0219ti judec\u0103 solicitarea de suspendare a decretelor prin care au fost numi\u021bi 2 judec\u0103tori ai Cur\u021bii Constitu\u021bionale"},"content":{"rendered":"<p>Potrivit portalului instan\u021belor de judecat\u0103, \u0219edin\u021bele pe aceast\u0103 tem\u0103 vor avea loc \u00een aceast\u0103 diminea\u021b\u0103. Avocata Silvia Uscov, membr\u0103 AUR, a invocat faptul c\u0103 Mihai Busuioc \u0219i Dacian Cosmin Drago\u0219 nu \u00eendeplinesc condi\u021bia privind vechimea de 18 ani \u00een domeniul juridic cerut\u0103 de Constitu\u021bie.<\/p>\n<p>Ambele dosare au primit termene scurte, iar Curtea de Apel a explicat \u00eentr-un comunicat c\u0103 nu a fost vorba de o op\u021biune discre\u021bionar\u0103, ci de o obliga\u021bie legal\u0103. Institu\u021bia a ad\u0103ugat c\u0103 \u00een perioada 5-9 ianuarie au fost acordate termene pentru \u0219apte astfel de dosare apreciate ca urgente, potrivit Realitatea Plus.<\/p>\n<p>Dac\u0103 cei doi judec\u0103tori ar trebui s\u0103 fie schimba\u021bi de la Curtea Constitu\u021bional\u0103, se va ajunge la o nou\u0103 am\u00e2nare privind pensiile magistra\u021bilor, aceasta \u00een contextul \u00een care noua lege a pensiilor a fost am\u00e2nat\u0103 de trei ori de la discutare la Curtea Constitu\u021bional\u0103. Urm\u0103torul termen este stabilit pentru 16 ianuarie<\/p>","protected":false},"excerpt":{"rendered":"<p>Potrivit portalului instan\u021belor de judecat\u0103, \u0219edin\u021bele pe aceast\u0103 tem\u0103 vor avea loc \u00een aceast\u0103 diminea\u021b\u0103.&hellip;<\/p>\n","protected":false},"author":0,"featured_media":55965,"comment_status":"open","ping_status":"open","sticky":false,"template":"","format":"standard","meta":{"footnotes":""},"categories":[2],"tags":[],"class_list":["post-55964","post","type-post","status-publish","format-standard","has-post-thumbnail","hentry","category-actual"],"_links":{"self":[{"href":"https:\/\/247stiri.ro\/index.php\/wp-json\/wp\/v2\/posts\/55964","targetHints":{"allow":["GET"]}}],"collection":[{"href":"https:\/\/247stiri.ro\/index.php\/wp-json\/wp\/v2\/posts"}],"about":[{"href":"https:\/\/247stiri.ro\/index.php\/wp-json\/wp\/v2\/types\/post"}],"replies":[{"embeddable":true,"href":"https:\/\/247stiri.ro\/index.php\/wp-json\/wp\/v2\/comments?post=55964"}],"version-history":[{"count":0,"href":"https:\/\/247stiri.ro\/index.php\/wp-json\/wp\/v2\/posts\/55964\/revisions"}],"wp:featuredmedia":[{"embeddable":true,"href":"https:\/\/247stiri.ro\/index.php\/wp-json\/wp\/v2\/media\/55965"}],"wp:attachment":[{"href":"https:\/\/247stiri.ro\/index.php\/wp-json\/wp\/v2\/media?parent=55964"}],"wp:term":[{"taxonomy":"category","embeddable":true,"href":"https:\/\/247stiri.ro\/index.php\/wp-json\/wp\/v2\/categories?post=55964"},{"taxonomy":"post_tag","embeddable":true,"href":"https:\/\/247stiri.ro\/index.php\/wp-json\/wp\/v2\/tags?post=55964"}],"curies":[{"name":"wp","href":"https:\/\/api.w.org\/{rel}","templated":true}]}}