{"id":55977,"date":"2026-01-05T07:45:41","date_gmt":"2026-01-05T07:45:41","guid":{"rendered":"https:\/\/247stiri.ro\/index.php\/2026\/01\/05\/trei-barbati-din-bolintin-vale-retinuti-pentru-talharie-calificata-dupa-un-atac-nocturn\/"},"modified":"2026-01-05T07:45:41","modified_gmt":"2026-01-05T07:45:41","slug":"trei-barbati-din-bolintin-vale-retinuti-pentru-talharie-calificata-dupa-un-atac-nocturn","status":"publish","type":"post","link":"https:\/\/247stiri.ro\/index.php\/2026\/01\/05\/trei-barbati-din-bolintin-vale-retinuti-pentru-talharie-calificata-dupa-un-atac-nocturn\/","title":{"rendered":"Trei b\u0103rba\u021bi din Bolintin-Vale, re\u021binu\u021bi pentru t\u00e2lh\u0103rie calificat\u0103 dup\u0103 un atac nocturn"},"content":{"rendered":"<p>Cum s-a produs incidentul?<\/p>\n<p><a href=\"https:\/\/www.realitatea.net\/stiri\/actual\/incident-halucinant-pe-o-strada-din-craiova-o-femeie-a-fost-pusa-la-pamant-si-talharita-de-doi-minori_690dd09489fb0c313d3bd2f2\" target=\"_blank\">Fapta s-ar fi produs<\/a> \u00een noaptea de 2 spre 3 ianuarie, \u00een jurul orei 03:30. Potrivit informa\u021biilor furnizate de Inspectoratul de Poli\u021bie Jude\u021bean Giurgiu, victima, un b\u0103rbat \u00een v\u00e2rst\u0103 de 43 de ani, se deplasa c\u0103tre locuin\u021ba fratelui s\u0103u, situat\u0103 pe strada Palanca, c\u00e2nd ar fi fost atacat\u0103 de trei indivizi. \u00cen urma agresiunii, b\u0103rbatul ar fi r\u0103mas f\u0103r\u0103 portofel.<\/p>\n<p>Diminea\u021ba zilei de 3 ianuarie, persoana v\u0103t\u0103mat\u0103 s-a prezentat la Poli\u021bia Ora\u0219ului Bolintin-Vale, unde a depus o pl\u00e2ngere scris\u0103, alert\u00e2nd autorit\u0103\u021bile cu privire la cele \u00eent\u00e2mplate.<\/p>\n<p>\u00cen urma investiga\u021biilor desf\u0103\u0219urate, poli\u021bi\u0219tii au reu\u0219it s\u0103 identifice suspec\u021bii, fiind vorba despre trei b\u0103rba\u021bi din Bolintin-Vale, cu v\u00e2rste cuprinse \u00eentre 19 \u0219i 45 de ani.<\/p>\n<p><a href=\"https:\/\/www.realitatea.net\/stiri\/actual\/trei-persoane-retinute-la-galati-dupa-ce-au-batut-si-jefuit-doi-adolescenti-printre-agresori-si-o-fata-de-17-ani_68c92acb164b517c6b70aa74\" target=\"_blank\">Pe baza probelor str\u00e2nse<\/a>, sub coordonarea procurorului de caz din cadrul Parchetului de pe l\u00e2ng\u0103 Judec\u0103toria Bolintin-Vale, cei trei au fost re\u021binu\u021bi pentru 24 de ore. Ace\u0219tia urmeaz\u0103 s\u0103 fie prezenta\u021bi unit\u0103\u021bii de parchet competente, unde vor fi formulate propuneri legale \u00een continuarea cercet\u0103rilor.<\/p>","protected":false},"excerpt":{"rendered":"<p>Cum s-a produs incidentul? Fapta s-ar fi produs \u00een noaptea de 2 spre 3 ianuarie,&hellip;<\/p>\n","protected":false},"author":0,"featured_media":55978,"comment_status":"open","ping_status":"open","sticky":false,"template":"","format":"standard","meta":{"footnotes":""},"categories":[2],"tags":[],"class_list":["post-55977","post","type-post","status-publish","format-standard","has-post-thumbnail","hentry","category-actual"],"_links":{"self":[{"href":"https:\/\/247stiri.ro\/index.php\/wp-json\/wp\/v2\/posts\/55977","targetHints":{"allow":["GET"]}}],"collection":[{"href":"https:\/\/247stiri.ro\/index.php\/wp-json\/wp\/v2\/posts"}],"about":[{"href":"https:\/\/247stiri.ro\/index.php\/wp-json\/wp\/v2\/types\/post"}],"replies":[{"embeddable":true,"href":"https:\/\/247stiri.ro\/index.php\/wp-json\/wp\/v2\/comments?post=55977"}],"version-history":[{"count":0,"href":"https:\/\/247stiri.ro\/index.php\/wp-json\/wp\/v2\/posts\/55977\/revisions"}],"wp:featuredmedia":[{"embeddable":true,"href":"https:\/\/247stiri.ro\/index.php\/wp-json\/wp\/v2\/media\/55978"}],"wp:attachment":[{"href":"https:\/\/247stiri.ro\/index.php\/wp-json\/wp\/v2\/media?parent=55977"}],"wp:term":[{"taxonomy":"category","embeddable":true,"href":"https:\/\/247stiri.ro\/index.php\/wp-json\/wp\/v2\/categories?post=55977"},{"taxonomy":"post_tag","embeddable":true,"href":"https:\/\/247stiri.ro\/index.php\/wp-json\/wp\/v2\/tags?post=55977"}],"curies":[{"name":"wp","href":"https:\/\/api.w.org\/{rel}","templated":true}]}}