{"id":55979,"date":"2026-01-05T07:45:42","date_gmt":"2026-01-05T07:45:42","guid":{"rendered":"https:\/\/247stiri.ro\/index.php\/2026\/01\/05\/o-tara-europeana-schimba-regulile-la-munca-ora-prieteniei-testata-direct-in-companii\/"},"modified":"2026-01-05T07:45:42","modified_gmt":"2026-01-05T07:45:42","slug":"o-tara-europeana-schimba-regulile-la-munca-ora-prieteniei-testata-direct-in-companii","status":"publish","type":"post","link":"https:\/\/247stiri.ro\/index.php\/2026\/01\/05\/o-tara-europeana-schimba-regulile-la-munca-ora-prieteniei-testata-direct-in-companii\/","title":{"rendered":"O \u021bar\u0103 european\u0103 schimb\u0103 regulile la munc\u0103. \u201eOra prieteniei\u201d, testat\u0103 direct \u00een companii"},"content":{"rendered":"<p>M\u0103sura vine \u00eentr-un moment \u00een care guvernul suedez \u00eencurajeaz\u0103 companiile s\u0103 participe activ la combaterea singur\u0103t\u0103\u021bii, considerat\u0103 o problem\u0103 major\u0103 de s\u0103n\u0103tate public\u0103 \u00een Suedia.<\/p>\n<p>\u201eAm vrut s\u0103 \u00eemi fac via\u021ba mai bun\u0103\u2026 s\u0103 m\u0103 \u00eemping pu\u021bin s\u0103 fac lucruri. (\u2026) M\u0103 simt mai fericit\u0103. Nu po\u021bi tr\u0103i doar prin internet, a\u0219a cum fac majoritatea oamenilor ast\u0103zi\u201d, a declarat pentru BBC Yasmine Lindberg, \u00een v\u00e2rst\u0103 de 45 de ani, care lucreaz\u0103 \u00eentr-o farmacie Apotek Hj\u00e4rtat din Kalmar, un ora\u0219 de coast\u0103 din sudul Suediei, \u00a0una dintre cei 11 angaja\u021bi care au acceptat s\u0103 participe la programul-pilot.<\/p>\n<p>\u201eSunt foarte obosit\u0103 c\u00e2nd ajung acas\u0103. Nu am timp sau energie s\u0103 m\u0103 \u00eent\u00e2lnesc cu prietenii mei\u201d,\u00a0a mai povestit femeia, care, de\u0219i \u00ee\u0219i petrece timpul liber cu copiii s\u0103i adolescen\u021bi, recunoa\u0219te c\u0103 se simte singur\u0103 de la desp\u0103r\u021birea de partenerul ei, \u00een urm\u0103 cu patru ani.<\/p>\n<p>Cum func\u0163ioneaz\u0103 \u201eora prieteniei\u201d<\/p>\n<p>Programul le ofer\u0103 angaja\u021bilor 15 minute pe s\u0103pt\u0103m\u00e2n\u0103, echivalentul unei ore pe lun\u0103, \u00een timpul programului de lucru, pentru a se concentra pe prietenii existen\u021bi sau pe crearea de noi leg\u0103turi.<\/p>\n<p>Aceast\u0103 or\u0103 poate fi folosit\u0103 pentru apeluri telefonice, mesaje sau \u00eent\u00e2lniri fa\u021b\u0103 \u00een fa\u021b\u0103. \u00cen plus, fiecare participant prime\u0219te aproximativ 1.000 de coroane suedeze, ceea ce \u00eenseamn\u0103 aproximativ 93 de euro, pentru a acoperi cheltuielile legate de activit\u0103\u021bile sociale.<\/p>\n<p>Voluntarii au acces \u0219i la instruire online despre cum s\u0103 recunoasc\u0103 \u0219i s\u0103 combat\u0103\u00a0singur\u0103tatea,\u00a0resurs\u0103 disponibil\u0103 tuturor celor 4.000 de angaja\u021bi ai companiei din Suedia.<\/p>\n<p>Monica Magnusson, CEO-ul Apotek Hj\u00e4rtat, a explicat faptul c\u0103 proiectul a fost inspirat par\u021bial de colaborarea anterioar\u0103 cu organiza\u021bia de s\u0103n\u0103tate mintal\u0103 Mind, care a ar\u0103tat c\u0103 discu\u0163iile scurte, dar semnificative, \u00eentre farmacisti \u0219i clien\u021bi pot reduce izolarea.<\/p>\n<p>\u201eAm vrut s\u0103 vedem dac\u0103 timpul dedicat prieteniei pentru angaja\u021bi poate influen\u021ba, de asemenea, bun\u0103starea lor\u201d, a declarat ea.<\/p>\n<p><a title=\"Banii nu aduc fericirea la birou? De ce tot mai multi romani se declara nemultumiti de job, desi veniturile au crescut\" href=\"https:\/\/www.realitatea.net\/stiri\/actual\/banii-nu-aduc-fericirea-la-birou-de-ce-tot-mai-multi-romani-se-declara-nemultumiti-de-job-desi-veniturile-au-crescut_6958148f67267c2e786f6cb2\">Banii nu aduc fericirea la birou? De ce tot mai mul\u021bi rom\u00e2ni se declar\u0103 nemul\u021bumi\u021bi de job, de\u0219i veniturile au crescut<\/a><\/p>\n<p>Proiectul vine \u00eentr-un context mai larg: \u00een iulie, Agen\u021bia Suedez\u0103 de S\u0103n\u0103tate Public\u0103 a lansat prima strategie na\u021bional\u0103 pentru combaterea singur\u0103t\u0103\u021bii, \u00eencuraj\u00e2nd colaborarea \u00eentre sectorul privat, autorit\u0103\u021bile locale \u0219i societatea civil\u0103, scrie tabu.ro.<\/p>\n<p>\u201eSingur\u0103tatea este o problem\u0103 major\u0103 de s\u0103n\u0103tate public\u0103, asociat\u0103 cu un risc crescut de boli cardiovasculare \u0219i mortalitate prematur\u0103. Mediul de afaceri trebuie s\u0103 fie preocupat, pentru c\u0103 angaja\u021bii \u0219i clien\u021bii lor sunt expu\u0219i riscului, iar costurile pentru finan\u021bele publice sunt semnificative\u201d,\u00a0a declarat ministrul S\u0103n\u0103t\u0103\u021bii, Jakob Forssmed.<\/p>\n<p>\u00cen contextul \u00een care studiile recente arat\u0103 c\u0103 14% dintre suedezi se simt singuri frecvent, iar 8% dintre adul\u021bi nu au niciun prieten apropiat. Psihologul Daniel Ek, autor al c\u0103r\u021bii \u201eThe Power of Friendship\u201d (\u201ePuterea prieteniei\u201d), atrage aten\u021bia c\u0103 iernile lungi \u0219i reci, mentalitatea de a nu deranja pe ceilal\u021bi \u0219i modul de locuire, \u00een care peste 40% dintre case sunt ocupate de o singur\u0103 persoan\u0103, contribuie la izolarea social\u0103.<\/p>\n<p>De\u0219i este prea devreme pentru a decide extinderea proiectului friendcare la nivel na\u021bional, sondajele interne au indicat cre\u0219teri semnificative ale satisfac\u021biei \u00een via\u021b\u0103 \u00een r\u00e2ndul participan\u021bilor, motvi pentru care ministrul S\u0103n\u0103t\u0103\u0163ii monitorizeaz\u0103 \u00eendeaproape ini\u021biativa.<\/p>\n<p>Proiectul Apotek Hj\u00e4rtat se \u00eenscrie \u00eentr-o re\u021bea mai larg\u0103,\u00a0\u201e\u00cempreun\u0103 \u00eempotriva singur\u0103t\u0103\u021bii involuntare\u201d, care reune\u0219te circa 20 de branduri nordice, printre care Ikea \u0219i Strawberry, pentru a \u00eemp\u0103rt\u0103\u0219i strategii \u0219i experien\u021be \u00een lupta \u00eempotriva izol\u0103rii.<\/p>\n<p>Alte ini\u021biative similare includ granturi de wellness oferite angaja\u021bilor pentru participarea la evenimente culturale de grup, menite s\u0103 sporeasc\u0103 incluziunea social\u0103 \u0219i bun\u0103starea.<\/p>\n<p><a title=\"O insula din Grecia ofera cazare gratuita, masa si utilitati platite timp de o luna. Ce trebuie sa faci ca sa beneficiezi de oferta\" href=\"https:\/\/www.realitatea.net\/stiri\/actual\/o-insula-din-grecia-ofera-cazare-gratuita-masa-si-utilitati-platite-timp-de-o-luna-ce-trebuie-sa-faci-ca-sa-beneficiezi-de-oferta_695ab225d1b95304d8065346\">O insul\u0103 din Grecia ofer\u0103 cazare gratuit\u0103, mas\u0103 \u0219i utilit\u0103\u021bi pl\u0103tite timp de o lun\u0103. Ce trebuie s\u0103 faci ca s\u0103 beneficiezi de ofert\u0103<\/a><\/p>","protected":false},"excerpt":{"rendered":"<p>M\u0103sura vine \u00eentr-un moment \u00een care guvernul suedez \u00eencurajeaz\u0103 companiile s\u0103 participe activ la combaterea&hellip;<\/p>\n","protected":false},"author":0,"featured_media":55980,"comment_status":"open","ping_status":"open","sticky":false,"template":"","format":"standard","meta":{"footnotes":""},"categories":[2],"tags":[],"class_list":["post-55979","post","type-post","status-publish","format-standard","has-post-thumbnail","hentry","category-actual"],"_links":{"self":[{"href":"https:\/\/247stiri.ro\/index.php\/wp-json\/wp\/v2\/posts\/55979","targetHints":{"allow":["GET"]}}],"collection":[{"href":"https:\/\/247stiri.ro\/index.php\/wp-json\/wp\/v2\/posts"}],"about":[{"href":"https:\/\/247stiri.ro\/index.php\/wp-json\/wp\/v2\/types\/post"}],"replies":[{"embeddable":true,"href":"https:\/\/247stiri.ro\/index.php\/wp-json\/wp\/v2\/comments?post=55979"}],"version-history":[{"count":0,"href":"https:\/\/247stiri.ro\/index.php\/wp-json\/wp\/v2\/posts\/55979\/revisions"}],"wp:featuredmedia":[{"embeddable":true,"href":"https:\/\/247stiri.ro\/index.php\/wp-json\/wp\/v2\/media\/55980"}],"wp:attachment":[{"href":"https:\/\/247stiri.ro\/index.php\/wp-json\/wp\/v2\/media?parent=55979"}],"wp:term":[{"taxonomy":"category","embeddable":true,"href":"https:\/\/247stiri.ro\/index.php\/wp-json\/wp\/v2\/categories?post=55979"},{"taxonomy":"post_tag","embeddable":true,"href":"https:\/\/247stiri.ro\/index.php\/wp-json\/wp\/v2\/tags?post=55979"}],"curies":[{"name":"wp","href":"https:\/\/api.w.org\/{rel}","templated":true}]}}