{"id":560,"date":"2024-10-21T12:14:31","date_gmt":"2024-10-21T12:14:31","guid":{"rendered":"https:\/\/247stiri.ro\/index.php\/2024\/10\/21\/claudiu-daniel-catana-deschide-lista-psd-teleorman-pentru-senat\/"},"modified":"2024-10-21T12:14:31","modified_gmt":"2024-10-21T12:14:31","slug":"claudiu-daniel-catana-deschide-lista-psd-teleorman-pentru-senat","status":"publish","type":"post","link":"https:\/\/247stiri.ro\/index.php\/2024\/10\/21\/claudiu-daniel-catana-deschide-lista-psd-teleorman-pentru-senat\/","title":{"rendered":"Claudiu Daniel Catana deschide lista PSD Teleorman pentru Senat"},"content":{"rendered":"<p>El sus\u021bine \u00eentr-o postare pe pagina sa de Facebook c\u0103 \u00ee\u0219i dore\u0219te ca \u00eempreuna cu\u00a0toat\u0103 echipa\u00a0s\u0103 pun\u0103 um\u0103rul la proiectele din\u00a0Teleorman\u00a0\u0219i al\u0103turi de pre\u0219edintele PSD Marcel Ciolacu s\u0103 pun\u0103 um\u0103rul \u0219i la proiectele mari pentru \u021bar\u0103:<\/p>\n<p>\u201dSunt profund onorat s\u0103 deschid lista la SENAT din partea PSD Teleorman pentru alegerile parlamentare! Este o nominalizare care m\u0103 responsabilizeaz\u0103 foarte mult. Avem \u00een continuare multe de f\u0103cut pentru Teleorman \u0219i teleorm\u0103neni, dar \u0219i pentru \u00eentreaga \u021bar\u0103.<\/p>\n<p>Priorit\u0103\u021bile mele \u0219i ale echipei PSD Teleorman, al\u0103turi de pre\u0219edintele Consiliului Jude\u021bean, primari \u0219i parlamentari, sunt s\u0103 continu\u0103m proiectele pentru dezvoltarea localit\u0103\u021bilor \u0219i a jude\u021bului, concentr\u00e2ndu-ne pe proiecte esen\u021biale pentru un viitor mai bun: construirea autostr\u0103zii Bucure\u0219ti-Alexandria pentru o mai bun\u0103 conectivitate, proiectele de infrastructur\u0103, noul spital din Alexandria, investi\u021biile \u00een \u00eenv\u0103\u021b\u0103m\u00e2nt, astfel \u00eenc\u00e2t copiii no\u0219tri s\u0103 aib\u0103 acces la o educa\u021bie de top. Comunicarea \u0219i colaborarea sunt esen\u021biale, vom lucra \u00eempreun\u0103 constant pentru a rezolva problemele oamenilor.<\/p>\n<p>Pentru noi, la PSD, nu este doar despre a face legi din birouri, ci despre a \u00een\u021belege cu adev\u0103rat cum se aplic\u0103 ele \u00een via\u021ba real\u0103. Ne-am asumat o misiune grea, al\u0103turi de pre\u0219edintele Marcel Ciolacu: s\u0103 continu\u0103m reformele \u0219i s\u0103 aducem o coeren\u021b\u0103 legislativ\u0103 \u00een agricultur\u0103, educa\u021bie, s\u0103n\u0103tate \u0219i mediu.<\/p>\n<p>Voi munci cu dedicare pentru a fi vocea oamenilor \u00een Parlament \u0219i pentru a contribui la construirea unui viitor mai bun pentru Teleorman \u0219i pentru Rom\u00e2nia. Mul\u021bumesc pre\u0219edintelui PSD Teleorman, Adrian G\u00e2dea, pentru sus\u021binerea \u0219i \u00eencrederea acordat\u0103, precum \u0219i echipei PSD Teleorman.\u201d,\u00a0<a href=\"https:\/\/www.facebook.com\/100001319731939\/posts\/8439230782797496\/?mibextid=WC7FNe&amp;rdid=0ybcGbff0x83XPq3\" target=\"_blank\" rel=\"noopener\">a scris<\/a>\u00a0Caludiu Daniel Catana.<\/p>","protected":false},"excerpt":{"rendered":"<p>El sus\u021bine \u00eentr-o postare pe pagina sa de Facebook c\u0103 \u00ee\u0219i dore\u0219te ca \u00eempreuna cu\u00a0toat\u0103&hellip;<\/p>\n","protected":false},"author":0,"featured_media":550,"comment_status":"open","ping_status":"open","sticky":false,"template":"","format":"standard","meta":{"footnotes":""},"categories":[2],"tags":[],"class_list":["post-560","post","type-post","status-publish","format-standard","has-post-thumbnail","hentry","category-actual"],"_links":{"self":[{"href":"https:\/\/247stiri.ro\/index.php\/wp-json\/wp\/v2\/posts\/560","targetHints":{"allow":["GET"]}}],"collection":[{"href":"https:\/\/247stiri.ro\/index.php\/wp-json\/wp\/v2\/posts"}],"about":[{"href":"https:\/\/247stiri.ro\/index.php\/wp-json\/wp\/v2\/types\/post"}],"replies":[{"embeddable":true,"href":"https:\/\/247stiri.ro\/index.php\/wp-json\/wp\/v2\/comments?post=560"}],"version-history":[{"count":0,"href":"https:\/\/247stiri.ro\/index.php\/wp-json\/wp\/v2\/posts\/560\/revisions"}],"wp:featuredmedia":[{"embeddable":true,"href":"https:\/\/247stiri.ro\/index.php\/wp-json\/wp\/v2\/media\/550"}],"wp:attachment":[{"href":"https:\/\/247stiri.ro\/index.php\/wp-json\/wp\/v2\/media?parent=560"}],"wp:term":[{"taxonomy":"category","embeddable":true,"href":"https:\/\/247stiri.ro\/index.php\/wp-json\/wp\/v2\/categories?post=560"},{"taxonomy":"post_tag","embeddable":true,"href":"https:\/\/247stiri.ro\/index.php\/wp-json\/wp\/v2\/tags?post=560"}],"curies":[{"name":"wp","href":"https:\/\/api.w.org\/{rel}","templated":true}]}}