{"id":56010,"date":"2026-01-05T09:45:03","date_gmt":"2026-01-05T09:45:03","guid":{"rendered":"https:\/\/247stiri.ro\/index.php\/2026\/01\/05\/tehnologia-intra-in-forta-in-trafic-peste-1-000-de-soferi-sanctionati-in-doar-patru-zile-de-o-camera-inteligenta\/"},"modified":"2026-01-05T09:45:03","modified_gmt":"2026-01-05T09:45:03","slug":"tehnologia-intra-in-forta-in-trafic-peste-1-000-de-soferi-sanctionati-in-doar-patru-zile-de-o-camera-inteligenta","status":"publish","type":"post","link":"https:\/\/247stiri.ro\/index.php\/2026\/01\/05\/tehnologia-intra-in-forta-in-trafic-peste-1-000-de-soferi-sanctionati-in-doar-patru-zile-de-o-camera-inteligenta\/","title":{"rendered":"Tehnologia intr\u0103 \u00een for\u021b\u0103 \u00een trafic: peste 1.000 de \u0219oferi sanc\u021biona\u021bi \u00een doar patru zile de o camer\u0103 inteligent\u0103"},"content":{"rendered":"<p>Camer\u0103 video cu inteligen\u021b\u0103 artificial\u0103<\/p>\n<p><a href=\"https:\/\/www.realitatea.net\/stiri\/actual\/atentie-soferi-noile-radare-cu-ai-din-grecia-au-emis-deja-mii-de-amenzi-ce-abateri-detecteaza-sistemul-instantaneu_695802493ff2b64eaf01d6f7\" target=\"_blank\">Dispozitivul face parte<\/a> dintr-un proiect-pilot lansat recent de autorit\u0103\u021bile elene \u0219i a fost activ \u00een intervalul mar\u021bi\u2013vineri. Potrivit presei elene, sistemul a detectat automat \u00eenc\u0103lc\u0103ri precum utilizarea telefonului mobil \u00een timpul \u0219ofatului \u0219i dep\u0103\u0219irea limitelor legale de vitez\u0103.<\/p>\n<p>Camerele inteligente au fost montate s\u0103pt\u0103m\u00e2na trecut\u0103 \u00een opt zone din capitala Greciei considerate cu risc ridicat de producere a accidentelor, la ini\u021biativa Poli\u021biei Elene. Este vorba despre primele echipamente de acest tip amplasate pe drumurile publice, dezvoltate \u00een cadrul unui program coordonat de Ministerul Guvern\u0103rii Digitale.<\/p>\n<p>Autorit\u0103\u021bile anun\u021b\u0103 c\u0103 aceste camere vor fi integrate, \u00een perioada urm\u0103toare, cu infrastructura existent\u0103 a Poli\u021biei Rutiere, prin intermediul unei platforme informatice na\u021bionale care ar urma s\u0103 devin\u0103 complet func\u021bional\u0103 p\u00e2n\u0103 la s\u0103rb\u0103torile pascale. Sistemul va permite identificarea automat\u0103 a mai multor tipuri de abateri, inclusiv trecerea pe culoarea ro\u0219ie a semaforului, nepurtarea centurii de siguran\u021b\u0103, folosirea telefonului la volan, circula\u021bia pe benzile de urgen\u021b\u0103 sau \u00eenc\u0103lcarea regulilor privind benzile dedicate transportului public.<\/p>\n<p>Datele colectate \u2013 imagini, \u00eenregistr\u0103ri video \u0219i informa\u021bii temporale \u2013 vor fi procesate automat \u0219i transmise \u00een condi\u021bii de securitate, cu respectarea normelor privind protec\u021bia datelor personale. \u0218oferii vor primi notific\u0103ri despre sanc\u021biuni prin intermediul unei c\u0103su\u021be po\u0219tale digitale pe platforma guvernamental\u0103 gov.gr sau prin mesaje directe \u0219i vor avea posibilitatea de a depune contesta\u021bii \u00een format electronic.<\/p>\n<p>Planurile autorit\u0103\u021bilor elene sunt ambi\u021bioase: re\u021beaua de supraveghere ar urma s\u0103 includ\u0103 aproximativ 2.500 de camere la nivel na\u021bional, dintre care 2.000 vor fi amplasate \u00een puncte fixe cu risc crescut, iar alte 500 vor fi montate pe autobuze. Separat, regiunea Attica inten\u021bioneaz\u0103 s\u0103 instaleze \u00eenc\u0103 388 de camere, dedicate monitoriz\u0103rii benzilor speciale pentru transportul public.<\/p>\n<p><a href=\"https:\/\/www.realitatea.net\/stiri\/actual\/incredibil-un-radar-defect-a-dat-mii-de-amenzi-timp-de-4-ani-statul-obligat-sa-dea-explicatii_69496359d92123322c0eac50\" target=\"_blank\">Oficialii subliniaz\u0103<\/a> c\u0103 scopul principal al acestui demers nu este doar sanc\u021bionarea \u0219oferilor, ci reducerea accidentelor rutiere \u0219i cre\u0219terea gradului de responsabilizare \u00een trafic.<\/p>","protected":false},"excerpt":{"rendered":"<p>Camer\u0103 video cu inteligen\u021b\u0103 artificial\u0103 Dispozitivul face parte dintr-un proiect-pilot lansat recent de autorit\u0103\u021bile elene&hellip;<\/p>\n","protected":false},"author":0,"featured_media":56011,"comment_status":"open","ping_status":"open","sticky":false,"template":"","format":"standard","meta":{"footnotes":""},"categories":[2],"tags":[],"class_list":["post-56010","post","type-post","status-publish","format-standard","has-post-thumbnail","hentry","category-actual"],"_links":{"self":[{"href":"https:\/\/247stiri.ro\/index.php\/wp-json\/wp\/v2\/posts\/56010","targetHints":{"allow":["GET"]}}],"collection":[{"href":"https:\/\/247stiri.ro\/index.php\/wp-json\/wp\/v2\/posts"}],"about":[{"href":"https:\/\/247stiri.ro\/index.php\/wp-json\/wp\/v2\/types\/post"}],"replies":[{"embeddable":true,"href":"https:\/\/247stiri.ro\/index.php\/wp-json\/wp\/v2\/comments?post=56010"}],"version-history":[{"count":0,"href":"https:\/\/247stiri.ro\/index.php\/wp-json\/wp\/v2\/posts\/56010\/revisions"}],"wp:featuredmedia":[{"embeddable":true,"href":"https:\/\/247stiri.ro\/index.php\/wp-json\/wp\/v2\/media\/56011"}],"wp:attachment":[{"href":"https:\/\/247stiri.ro\/index.php\/wp-json\/wp\/v2\/media?parent=56010"}],"wp:term":[{"taxonomy":"category","embeddable":true,"href":"https:\/\/247stiri.ro\/index.php\/wp-json\/wp\/v2\/categories?post=56010"},{"taxonomy":"post_tag","embeddable":true,"href":"https:\/\/247stiri.ro\/index.php\/wp-json\/wp\/v2\/tags?post=56010"}],"curies":[{"name":"wp","href":"https:\/\/api.w.org\/{rel}","templated":true}]}}