{"id":56012,"date":"2026-01-05T09:45:04","date_gmt":"2026-01-05T09:45:04","guid":{"rendered":"https:\/\/247stiri.ro\/index.php\/2026\/01\/05\/protest-la-salcea-dupa-cresterea-impozitelor-oamenii-au-venit-sa-plateasca-mai-devreme-ca-sa-beneficieze-de-bonificatie-dar-au-ramas-socati-de-noile-sume-video\/"},"modified":"2026-01-05T09:45:04","modified_gmt":"2026-01-05T09:45:04","slug":"protest-la-salcea-dupa-cresterea-impozitelor-oamenii-au-venit-sa-plateasca-mai-devreme-ca-sa-beneficieze-de-bonificatie-dar-au-ramas-socati-de-noile-sume-video","status":"publish","type":"post","link":"https:\/\/247stiri.ro\/index.php\/2026\/01\/05\/protest-la-salcea-dupa-cresterea-impozitelor-oamenii-au-venit-sa-plateasca-mai-devreme-ca-sa-beneficieze-de-bonificatie-dar-au-ramas-socati-de-noile-sume-video\/","title":{"rendered":"Protest la Salcea dup\u0103 cre\u0219terea impozitelor. Oamenii au venit s\u0103 pl\u0103teasc\u0103 mai devreme ca s\u0103 beneficieze de bonifica\u021bie, dar au r\u0103mas \u0219oca\u021bi de noile sume &#8211; VIDEO"},"content":{"rendered":"<p>Oamenii spun c\u0103 sumele stabilite pentru acest an sunt \u00eempov\u0103r\u0103toare. Mai mul\u021bi locuitori au afirmat c\u0103 impozitele au fost m\u0103rite chiar \u0219i de trei ori, iar aceste cote \u00eei aduce la sap\u0103 de lemn.<\/p>\n\n<p>Pe re\u021belele de socializare au ap\u0103rut videoclipuri \u00een care se v\u0103d localnicii aduna\u021bi \u00een fa\u021ba institu\u021biei, strig\u00e2ndu-\u0219i nemul\u021bumirea. Oamenii cer explica\u021bii \u0219i spun c\u0103 nu se a\u0219teptau la asemenea cre\u0219teri, mai ales c\u0103 au venit s\u0103 pl\u0103teasc\u0103 \u00een avans tocmai pentru a reduce costurile.<\/p>\n\n<p><a title=\"Romanii au luat cu asalt ghiseele, ca sa beneficieze de bonificatia de 10% pentru taxele si impozitele marite -VIDEO \" href=\"https:\/\/www.realitatea.net\/stiri\/actual\/romanii-au-luat-cu-asalt-ghiseele-ca-sa-beneficieze-de-bonificatia-de-10-pentru-taxele-si-impozitele-marite-video_695b772a1601204ae30e0b5b\">Rom\u00e2nii au luat cu asalt ghi\u0219eele, ca s\u0103 beneficieze de bonifica\u021bia de 10% pentru taxele \u0219i impozitele m\u0103rite -VIDEO<\/a><\/p>","protected":false},"excerpt":{"rendered":"<p>Oamenii spun c\u0103 sumele stabilite pentru acest an sunt \u00eempov\u0103r\u0103toare. Mai mul\u021bi locuitori au afirmat&hellip;<\/p>\n","protected":false},"author":0,"featured_media":56013,"comment_status":"open","ping_status":"open","sticky":false,"template":"","format":"standard","meta":{"footnotes":""},"categories":[2],"tags":[],"class_list":["post-56012","post","type-post","status-publish","format-standard","has-post-thumbnail","hentry","category-actual"],"_links":{"self":[{"href":"https:\/\/247stiri.ro\/index.php\/wp-json\/wp\/v2\/posts\/56012","targetHints":{"allow":["GET"]}}],"collection":[{"href":"https:\/\/247stiri.ro\/index.php\/wp-json\/wp\/v2\/posts"}],"about":[{"href":"https:\/\/247stiri.ro\/index.php\/wp-json\/wp\/v2\/types\/post"}],"replies":[{"embeddable":true,"href":"https:\/\/247stiri.ro\/index.php\/wp-json\/wp\/v2\/comments?post=56012"}],"version-history":[{"count":0,"href":"https:\/\/247stiri.ro\/index.php\/wp-json\/wp\/v2\/posts\/56012\/revisions"}],"wp:featuredmedia":[{"embeddable":true,"href":"https:\/\/247stiri.ro\/index.php\/wp-json\/wp\/v2\/media\/56013"}],"wp:attachment":[{"href":"https:\/\/247stiri.ro\/index.php\/wp-json\/wp\/v2\/media?parent=56012"}],"wp:term":[{"taxonomy":"category","embeddable":true,"href":"https:\/\/247stiri.ro\/index.php\/wp-json\/wp\/v2\/categories?post=56012"},{"taxonomy":"post_tag","embeddable":true,"href":"https:\/\/247stiri.ro\/index.php\/wp-json\/wp\/v2\/tags?post=56012"}],"curies":[{"name":"wp","href":"https:\/\/api.w.org\/{rel}","templated":true}]}}