{"id":56026,"date":"2026-01-05T10:45:08","date_gmt":"2026-01-05T10:45:08","guid":{"rendered":"https:\/\/247stiri.ro\/index.php\/2026\/01\/05\/autoritatile-in-alerta-din-cauza-vremii-severe-comandament-de-iarna-convocat-la-mai\/"},"modified":"2026-01-05T10:45:08","modified_gmt":"2026-01-05T10:45:08","slug":"autoritatile-in-alerta-din-cauza-vremii-severe-comandament-de-iarna-convocat-la-mai","status":"publish","type":"post","link":"https:\/\/247stiri.ro\/index.php\/2026\/01\/05\/autoritatile-in-alerta-din-cauza-vremii-severe-comandament-de-iarna-convocat-la-mai\/","title":{"rendered":"Autorit\u0103\u021bile, \u00een alert\u0103 din cauza vremii severe. Comandament de iarn\u0103 convocat la MAI"},"content":{"rendered":"<p>Institu\u0163iile guvernamentale ac\u0163ioneaz\u0103 pentru remedierea efectelor cauzate de situa\u0163ia meteorologic\u0103<\/p>\n<p><a href=\"https:\/\/www.realitatea.net\/stiri\/vremea\/vremea-1-ianuarie-2026-iarna-autentica-in-toata-tara-ger-dimineata-si-maxime-intre-5-si-5-grade-unde-ninge_69561cadfc59ad6d0e234122\" target=\"_blank\">\u00cen acest context,<\/a> luni, la ora 14.00, a fost convocat Comandamentul de iarn\u0103 la sediul Ministerului Afacerilor Interne, reuniunea av\u00e2nd loc \u00een prezen\u021ba vicepremierului Marian Neac\u0219u. Scopul \u00eent\u00e2lnirii este evaluarea situa\u021biei din teritoriu \u0219i coordonarea m\u0103surilor necesare pentru gestionarea efectelor viscolului \u0219i ale ninsorilor.<\/p>\n<p>Potrivit informa\u021biilor transmise de Executiv, \u00een intervalul 22 decembrie 2025 \u2013 5 ianuarie 2026, Ministerul Transporturilor, prin structurile din subordine, a desf\u0103\u0219urat ample opera\u021biuni de desz\u0103pezire pe re\u021beaua rutier\u0103 na\u021bional\u0103. \u00cen aceste ac\u021biuni au fost implicate aproape 3.000 de utilaje, operate de direc\u021biile regionale de drumuri din Bucure\u0219ti, Craiova, Timi\u0219oara, Cluj, Bra\u0219ov, Ia\u0219i, Constan\u021ba \u0219i Buz\u0103u. Autorit\u0103\u021bile dau asigur\u0103ri c\u0103 stocurile de material antiderapant sunt suficiente \u0219i pentru perioada urm\u0103toare.<\/p>\n<p>Echipajele Ministerului Afacerilor Interne r\u0103m\u00e2n mobilizate \u00een teren \u0219i intervin continuu pentru gestionarea situa\u021biilor de urgen\u021b\u0103. Din cauza condi\u021biilor meteo nefavorabile, au fost efectuate interven\u021bii \u00een 40 de localit\u0103\u021bi din 13 jude\u021be, unde s-a ac\u021bionat pentru \u00eendep\u0103rtarea copacilor dobor\u00e2\u021bi, degajarea elementelor de construc\u021bie \u0219i \u00eenl\u0103turarea efectelor provocate de rafalele de v\u00e2nt \u0219i ninsori.<\/p>\n<p>Totodat\u0103, Ministerul Energiei, prin operatorii de distribu\u021bie, a intervenit pentru remedierea avariilor ap\u0103rute la re\u021belele electrice. Autorit\u0103\u021bile anun\u021b\u0103 c\u0103 situa\u021bia este monitorizat\u0103 permanent, iar echipele sunt preg\u0103tite s\u0103 intervin\u0103 prompt pentru realimentarea consumatorilor afecta\u021bi.<\/p>\n<p>Ministerul Mediului, Apelor \u0219i P\u0103durilor a emis avertiz\u0103ri hidro-meteorologice \u0219i a pus la dispozi\u021bia popula\u021biei \u0219i autorit\u0103\u021bilor locale informa\u021bii utile pentru prevenirea \u0219i gestionarea riscurilor. Guvernul subliniaz\u0103 c\u0103 institu\u021biile implicate vor continua s\u0103 colaboreze str\u00e2ns cu administra\u021biile locale pentru a sprijini comunit\u0103\u021bile afectate de vremea sever\u0103.<\/p>\n<p><a href=\"https:\/\/www.realitatea.net\/stiri\/actual\/se-schimba-vremea-la-miezul-noptii-detalii-de-ultima-ora-del-a-anm-despre-prognoza-pentru-noaptea-de-revelion_695535656d61c2255337fb42\" target=\"_blank\">Informa\u021bii actualizate<\/a> privind starea drumurilor na\u021bionale \u0219i a autostr\u0103zilor pot fi consultate pe platforma oficial\u0103 a CNAIR, prin dispeceratul de trafic.<\/p>\n\n<p>\u00a0<\/p>","protected":false},"excerpt":{"rendered":"<p>Institu\u0163iile guvernamentale ac\u0163ioneaz\u0103 pentru remedierea efectelor cauzate de situa\u0163ia meteorologic\u0103 \u00cen acest context, luni, la&hellip;<\/p>\n","protected":false},"author":0,"featured_media":56027,"comment_status":"open","ping_status":"open","sticky":false,"template":"","format":"standard","meta":{"footnotes":""},"categories":[2],"tags":[],"class_list":["post-56026","post","type-post","status-publish","format-standard","has-post-thumbnail","hentry","category-actual"],"_links":{"self":[{"href":"https:\/\/247stiri.ro\/index.php\/wp-json\/wp\/v2\/posts\/56026","targetHints":{"allow":["GET"]}}],"collection":[{"href":"https:\/\/247stiri.ro\/index.php\/wp-json\/wp\/v2\/posts"}],"about":[{"href":"https:\/\/247stiri.ro\/index.php\/wp-json\/wp\/v2\/types\/post"}],"replies":[{"embeddable":true,"href":"https:\/\/247stiri.ro\/index.php\/wp-json\/wp\/v2\/comments?post=56026"}],"version-history":[{"count":0,"href":"https:\/\/247stiri.ro\/index.php\/wp-json\/wp\/v2\/posts\/56026\/revisions"}],"wp:featuredmedia":[{"embeddable":true,"href":"https:\/\/247stiri.ro\/index.php\/wp-json\/wp\/v2\/media\/56027"}],"wp:attachment":[{"href":"https:\/\/247stiri.ro\/index.php\/wp-json\/wp\/v2\/media?parent=56026"}],"wp:term":[{"taxonomy":"category","embeddable":true,"href":"https:\/\/247stiri.ro\/index.php\/wp-json\/wp\/v2\/categories?post=56026"},{"taxonomy":"post_tag","embeddable":true,"href":"https:\/\/247stiri.ro\/index.php\/wp-json\/wp\/v2\/tags?post=56026"}],"curies":[{"name":"wp","href":"https:\/\/api.w.org\/{rel}","templated":true}]}}