{"id":56048,"date":"2026-01-05T11:45:32","date_gmt":"2026-01-05T11:45:32","guid":{"rendered":"https:\/\/247stiri.ro\/index.php\/2026\/01\/05\/incident-violent-in-ilfov-tanar-cercetat-penal-dupa-ce-a-scos-o-arma-in-timpul-unui-conflict\/"},"modified":"2026-01-05T11:45:32","modified_gmt":"2026-01-05T11:45:32","slug":"incident-violent-in-ilfov-tanar-cercetat-penal-dupa-ce-a-scos-o-arma-in-timpul-unui-conflict","status":"publish","type":"post","link":"https:\/\/247stiri.ro\/index.php\/2026\/01\/05\/incident-violent-in-ilfov-tanar-cercetat-penal-dupa-ce-a-scos-o-arma-in-timpul-unui-conflict\/","title":{"rendered":"Incident violent \u00een Ilfov: t\u00e2n\u0103r cercetat penal dup\u0103 ce a scos o arm\u0103 \u00een timpul unui conflict"},"content":{"rendered":"<p>De la ce a pornit conflictul?<\/p>\n<p>Potrivit Inspectoratului de Poli\u021bie al Jude\u021bului Ilfov, poli\u021bi\u0219tii din Voluntari au fost alerta\u021bi \u00een seara zilei de 24 decembrie, \u00een jurul orei 21:50, printr-un apel la num\u0103rul unic de urgen\u021b\u0103 112. Sesizarea a fost f\u0103cut\u0103 de un b\u0103rbat de 49 de ani, care a anun\u021bat c\u0103, pe o strad\u0103 din comuna \u0218tef\u0103ne\u0219tii de Jos, \u00een zona unui local, a izbucnit o alterca\u021bie spontan\u0103 \u00eentre patru persoane, iar unul dintre participan\u021bi ar fi scos o arm\u0103.<\/p>\n<p><a href=\"https:\/\/www.realitatea.net\/stiri\/artesipopcult\/traditie-inedita-in-spania-festivalul-in-care-luptele-cu-faina-se-transforma-in-gesturi-de-solidaritate_6953fefdf6788a32124e1d06\" target=\"_blank\">\u00cen urma verific\u0103rilor<\/a> \u0219i a activit\u0103\u021bilor de cercetare desf\u0103\u0219urate de poli\u021bi\u0219ti, suspectul a fost identificat dou\u0103 zile mai t\u00e2rziu. Este vorba despre un t\u00e2n\u0103r \u00een v\u00e2rst\u0103 de 25 de ani, care s-a prezentat ulterior la sediul Inspectoratului de Poli\u021bie Jude\u021bean Ilfov, la Serviciul Arme, Explozivi \u0219i Substan\u021be Periculoase.<\/p>\n<p>Acolo, acesta a predat o arm\u0103 neletal\u0103 supus\u0103 regimului de autorizare, \u00eempreun\u0103 cu trei cartu\u0219e cu gaze, obiecte care au fost ridicate pentru continuarea cercet\u0103rilor.<\/p>\n<p>Pe numele b\u0103rbatului a fost dispus\u0103 m\u0103sura controlului judiciar, acesta fiind cercetat pentru nerespectarea regimului armelor \u0219i muni\u021biilor, precum \u0219i pentru amenin\u021bare.<\/p>\n<p>\u00cen paralel, anchetatorii s-au deplasat \u0219i la domiciliul b\u0103rbatului care a sesizat incidentul, inform\u00e2ndu-l cu privire la posibilitatea solicit\u0103rii unui ordin de protec\u021bie provizoriu. Persoana v\u0103t\u0103mat\u0103 a refuzat \u00eens\u0103 emiterea unei astfel de m\u0103suri.<\/p>\n<p><a href=\"https:\/\/www.realitatea.net\/stiri\/actual\/bataie-can-vestul-salbatic-pe-terasa-unui-bar-din-olt-patru-persoane-au-fost-retinute-pentru-24-de-ore_6953b6ff069e0c617336c192\" target=\"_blank\">Cercet\u0103rile continu\u0103<\/a> sub coordonarea procurorilor, pentru stabilirea tuturor circumstan\u021belor \u00een care s-a produs incidentul.<\/p>\n<p>\u00a0<\/p>\n<p>\u00a0<\/p>\n<p>\u00a0<\/p>\n<p>\u00a0<\/p>\n<p class=\"pf0\">\u00a0<\/p>","protected":false},"excerpt":{"rendered":"<p>De la ce a pornit conflictul? Potrivit Inspectoratului de Poli\u021bie al Jude\u021bului Ilfov, poli\u021bi\u0219tii din&hellip;<\/p>\n","protected":false},"author":0,"featured_media":56049,"comment_status":"open","ping_status":"open","sticky":false,"template":"","format":"standard","meta":{"footnotes":""},"categories":[2],"tags":[],"class_list":["post-56048","post","type-post","status-publish","format-standard","has-post-thumbnail","hentry","category-actual"],"_links":{"self":[{"href":"https:\/\/247stiri.ro\/index.php\/wp-json\/wp\/v2\/posts\/56048","targetHints":{"allow":["GET"]}}],"collection":[{"href":"https:\/\/247stiri.ro\/index.php\/wp-json\/wp\/v2\/posts"}],"about":[{"href":"https:\/\/247stiri.ro\/index.php\/wp-json\/wp\/v2\/types\/post"}],"replies":[{"embeddable":true,"href":"https:\/\/247stiri.ro\/index.php\/wp-json\/wp\/v2\/comments?post=56048"}],"version-history":[{"count":0,"href":"https:\/\/247stiri.ro\/index.php\/wp-json\/wp\/v2\/posts\/56048\/revisions"}],"wp:featuredmedia":[{"embeddable":true,"href":"https:\/\/247stiri.ro\/index.php\/wp-json\/wp\/v2\/media\/56049"}],"wp:attachment":[{"href":"https:\/\/247stiri.ro\/index.php\/wp-json\/wp\/v2\/media?parent=56048"}],"wp:term":[{"taxonomy":"category","embeddable":true,"href":"https:\/\/247stiri.ro\/index.php\/wp-json\/wp\/v2\/categories?post=56048"},{"taxonomy":"post_tag","embeddable":true,"href":"https:\/\/247stiri.ro\/index.php\/wp-json\/wp\/v2\/tags?post=56048"}],"curies":[{"name":"wp","href":"https:\/\/api.w.org\/{rel}","templated":true}]}}