{"id":56063,"date":"2026-01-05T12:45:00","date_gmt":"2026-01-05T12:45:00","guid":{"rendered":"https:\/\/247stiri.ro\/index.php\/2026\/01\/05\/barbat-arestat-dupa-ce-a-taiat-dispozitivul-electronic-de-supraveghere-si-a-incalcat-ordinul-de-protectie\/"},"modified":"2026-01-05T12:45:00","modified_gmt":"2026-01-05T12:45:00","slug":"barbat-arestat-dupa-ce-a-taiat-dispozitivul-electronic-de-supraveghere-si-a-incalcat-ordinul-de-protectie","status":"publish","type":"post","link":"https:\/\/247stiri.ro\/index.php\/2026\/01\/05\/barbat-arestat-dupa-ce-a-taiat-dispozitivul-electronic-de-supraveghere-si-a-incalcat-ordinul-de-protectie\/","title":{"rendered":"B\u0103rbat arestat dup\u0103 ce a t\u0103iat dispozitivul electronic de supraveghere \u0219i a \u00eenc\u0103lcat ordinul de protec\u021bie"},"content":{"rendered":"<p>Ce au transmis oamenii legii?<\/p>\n<p><a href=\"https:\/\/www.realitatea.net\/stiri\/actual\/barbat-arestat-pentru-ca-siar-fi-ucis-tatal-in-bataie-ar-fi-stat-doua-zile-langa-cadavru_6958b522fa5c78380325fbf8\" target=\"_blank\">Potrivit Parchetului<\/a> de pe l\u00e2ng\u0103 Judec\u0103toria Turda, b\u0103rbatul este cercetat pentru dou\u0103 infrac\u021biuni de \u00eenc\u0103lcare a ordinului de protec\u021bie \u0219i pentru distrugere. Ancheta arat\u0103 c\u0103, \u00een seara zilei de 29 decembrie, acesta s-a apropiat la mai pu\u021bin de 100 de metri de locuin\u021ba victimei, \u00eenc\u0103lc\u00e2nd astfel interdic\u021bia stabilit\u0103 de instan\u021b\u0103.<\/p>\n<p>\u00cen plus, procurorii precizeaz\u0103 c\u0103 \u00een aceea\u0219i sear\u0103 b\u0103rbatul \u0219i-a t\u0103iat cu o foarfec\u0103 bra\u021bara dispozitivului de supraveghere electronic\u0103, demont\u00e2nd-o de pe corp \u0219i nerespect\u00e2nd astfel obliga\u021bia de a purta permanent aparatul, prev\u0103zut\u0103 prin hot\u0103r\u00e2rea Judec\u0103toriei Turda.<\/p>\n<p><a href=\"https:\/\/www.realitatea.net\/stiri\/actual\/tanar-roman-arestat-la-giurgiu-transporta-migranti-fara-acte_6950d8b3c10317188153e2a8\" target=\"_blank\">Dup\u0103 ce a fost prezentat instan\u021bei<\/a>, magistra\u021bii au dispus arestarea preventiv\u0103 a acestuia pentru 30 de zile, pentru a preveni alte \u00eenc\u0103lc\u0103ri ale legii \u0219i pentru a asigura protec\u021bia victimei.<\/p>","protected":false},"excerpt":{"rendered":"<p>Ce au transmis oamenii legii? Potrivit Parchetului de pe l\u00e2ng\u0103 Judec\u0103toria Turda, b\u0103rbatul este cercetat&hellip;<\/p>\n","protected":false},"author":0,"featured_media":56064,"comment_status":"open","ping_status":"open","sticky":false,"template":"","format":"standard","meta":{"footnotes":""},"categories":[2],"tags":[],"class_list":["post-56063","post","type-post","status-publish","format-standard","has-post-thumbnail","hentry","category-actual"],"_links":{"self":[{"href":"https:\/\/247stiri.ro\/index.php\/wp-json\/wp\/v2\/posts\/56063","targetHints":{"allow":["GET"]}}],"collection":[{"href":"https:\/\/247stiri.ro\/index.php\/wp-json\/wp\/v2\/posts"}],"about":[{"href":"https:\/\/247stiri.ro\/index.php\/wp-json\/wp\/v2\/types\/post"}],"replies":[{"embeddable":true,"href":"https:\/\/247stiri.ro\/index.php\/wp-json\/wp\/v2\/comments?post=56063"}],"version-history":[{"count":0,"href":"https:\/\/247stiri.ro\/index.php\/wp-json\/wp\/v2\/posts\/56063\/revisions"}],"wp:featuredmedia":[{"embeddable":true,"href":"https:\/\/247stiri.ro\/index.php\/wp-json\/wp\/v2\/media\/56064"}],"wp:attachment":[{"href":"https:\/\/247stiri.ro\/index.php\/wp-json\/wp\/v2\/media?parent=56063"}],"wp:term":[{"taxonomy":"category","embeddable":true,"href":"https:\/\/247stiri.ro\/index.php\/wp-json\/wp\/v2\/categories?post=56063"},{"taxonomy":"post_tag","embeddable":true,"href":"https:\/\/247stiri.ro\/index.php\/wp-json\/wp\/v2\/tags?post=56063"}],"curies":[{"name":"wp","href":"https:\/\/api.w.org\/{rel}","templated":true}]}}