{"id":56080,"date":"2026-01-05T13:45:30","date_gmt":"2026-01-05T13:45:30","guid":{"rendered":"https:\/\/247stiri.ro\/index.php\/2026\/01\/05\/un-pensionar-sarman-a-ramas-fara-ajutor-social-dupa-ce-a-declarat-banii-obtinuti-din-sticle-reciclabile\/"},"modified":"2026-01-05T13:45:30","modified_gmt":"2026-01-05T13:45:30","slug":"un-pensionar-sarman-a-ramas-fara-ajutor-social-dupa-ce-a-declarat-banii-obtinuti-din-sticle-reciclabile","status":"publish","type":"post","link":"https:\/\/247stiri.ro\/index.php\/2026\/01\/05\/un-pensionar-sarman-a-ramas-fara-ajutor-social-dupa-ce-a-declarat-banii-obtinuti-din-sticle-reciclabile\/","title":{"rendered":"Un pensionar s\u0103rman a r\u0103mas f\u0103r\u0103 ajutor social dup\u0103 ce a declarat banii ob\u021binu\u021bi din sticle reciclabile"},"content":{"rendered":"<p>Pensionarul se chinuia s\u0103 str\u00e2ng\u0103 sticle reciclabile<\/p>\n<p>B\u0103rbatul, aflat la limita subzisten\u021bei, primea o pensie minim\u0103, completat\u0103 de un ajutor social destinat persoanelor v\u00e2rstnice. Cum aceste venituri nu \u00eei acopereau cheltuielile de baz\u0103, el a \u00eencercat s\u0103 \u00ee\u0219i suplimenteze bugetul <a href=\"https:\/\/www.realitatea.net\/stiri\/actual\/borcanele-si-sticlele-de-otet-ar-putea-sa-o-ia-pe-urmele-peturilor-intra-si-ele-in-programul-de-garantiereturnare_68ff877a5a36127ec169fab2\" target=\"_blank\">adun\u00e2nd sticle cu garan\u021bie<\/a> din containerele de gunoi, o practic\u0103 frecvent \u00eent\u00e2lnit\u0103 \u00een r\u00e2ndul pensionarilor cu venituri mici din Germania.<\/p>\n<p>\u00cen luna septembrie, dup\u0103 aproximativ 15 ore de colectare, pensionarul a reu\u0219it s\u0103 ob\u021bin\u0103 suma de 58,25 euro. Respect\u00e2nd regulile, acesta a declarat venitul la oficiul de asisten\u021b\u0103 social\u0103 din Altona, \u00eens\u0103 gestul s\u0103u i-a adus o consecin\u021b\u0103 nea\u0219teptat\u0103: autorit\u0103\u021bile i-au redus ajutorul social cu exact suma c\u00e2\u0219tigat\u0103.<\/p>\n<p>Administra\u021bia districtual\u0103 din Altona a confirmat ulterior c\u0103 veniturile provenite din colectarea sticlelor cu garan\u021bie sunt incluse \u00een calculul presta\u021biilor sociale. Reprezentan\u021bii biroului districtual au explicat c\u0103 legisla\u021bia actual\u0103 nu face distinc\u021bii clare \u00eentre aceste sume \u0219i alte tipuri de venituri, motiv pentru care ele sunt deduse din ajutorul acordat.<\/p>\n<p>Situa\u021bia pensionarului reflect\u0103 o realitate larg r\u0103sp\u00e2ndit\u0103 \u00een Germania. Un studiu realizat de institutul YouGov, la solicitarea ini\u021biativei civice \u201ePfand geh\u00f6rt daneben\u201d, arat\u0103 c\u0103 principalul motiv pentru care oamenii colecteaz\u0103 sticle returnabile este suplimentarea pensiei. Conform cercet\u0103rii, aproximativ un sfert dintre persoanele care practic\u0103 aceast\u0103 activitate sunt pensionari.<\/p>\n<p><a href=\"https:\/\/www.realitatea.net\/stiri\/extern\/poveste-impresionanta-un-barbat-sia-cumparat-o-locuinta-dupa-ce-a-reciclat-aproape-500000-de-recipiente_683589626e458a7287457382\" target=\"_blank\">Dup\u0103 ce cazul a devenit public,<\/a> revista Hinz&amp;Kunzt a solicitat un punct de vedere Ministerului Federal al Muncii \u0219i Afacerilor Sociale. R\u0103spunsul institu\u021biei a nuan\u021bat situa\u021bia, preciz\u00e2nd c\u0103, de\u0219i toate veniturile trebuie declarate, exist\u0103 excep\u021bii pentru sumele foarte mici. Potrivit ministerului, c\u00e2\u0219tigurile din colectarea sticlelor pot fi \u00eencadrate \u00een aceast\u0103 categorie \u0219i, \u00een anumite condi\u021bii, nu ar trebui sc\u0103zute din ajutorul social.<\/p>\n<p>Mai mult, ministerul a amintit de o decizie judec\u0103toreasc\u0103 din 2020, \u00eentr-un caz similar, \u00een care suma de 100 de euro ob\u021binut\u0103 din returnarea sticlelor a fost considerat\u0103 neimpozabil\u0103 \u00een raport cu presta\u021biile sociale.<\/p>\n<p>P\u00e2n\u0103 \u00een prezent, Autoritatea Social\u0103 din Hamburg nu a oferit un r\u0103spuns oficial privind situa\u021bia pensionarului din Altona. Postul de radio NDR 90,3 a solicitat clarific\u0103ri, \u00eens\u0103 nu a primit, deocamdat\u0103, un punct de vedere din partea institu\u021biei.<\/p>\n<p>\u00a0<\/p>\n<p class=\"pf0\">\u00a0<\/p>","protected":false},"excerpt":{"rendered":"<p>Pensionarul se chinuia s\u0103 str\u00e2ng\u0103 sticle reciclabile B\u0103rbatul, aflat la limita subzisten\u021bei, primea o pensie&hellip;<\/p>\n","protected":false},"author":0,"featured_media":56081,"comment_status":"open","ping_status":"open","sticky":false,"template":"","format":"standard","meta":{"footnotes":""},"categories":[2],"tags":[],"class_list":["post-56080","post","type-post","status-publish","format-standard","has-post-thumbnail","hentry","category-actual"],"_links":{"self":[{"href":"https:\/\/247stiri.ro\/index.php\/wp-json\/wp\/v2\/posts\/56080","targetHints":{"allow":["GET"]}}],"collection":[{"href":"https:\/\/247stiri.ro\/index.php\/wp-json\/wp\/v2\/posts"}],"about":[{"href":"https:\/\/247stiri.ro\/index.php\/wp-json\/wp\/v2\/types\/post"}],"replies":[{"embeddable":true,"href":"https:\/\/247stiri.ro\/index.php\/wp-json\/wp\/v2\/comments?post=56080"}],"version-history":[{"count":0,"href":"https:\/\/247stiri.ro\/index.php\/wp-json\/wp\/v2\/posts\/56080\/revisions"}],"wp:featuredmedia":[{"embeddable":true,"href":"https:\/\/247stiri.ro\/index.php\/wp-json\/wp\/v2\/media\/56081"}],"wp:attachment":[{"href":"https:\/\/247stiri.ro\/index.php\/wp-json\/wp\/v2\/media?parent=56080"}],"wp:term":[{"taxonomy":"category","embeddable":true,"href":"https:\/\/247stiri.ro\/index.php\/wp-json\/wp\/v2\/categories?post=56080"},{"taxonomy":"post_tag","embeddable":true,"href":"https:\/\/247stiri.ro\/index.php\/wp-json\/wp\/v2\/tags?post=56080"}],"curies":[{"name":"wp","href":"https:\/\/api.w.org\/{rel}","templated":true}]}}